{"id":217193,"date":"2026-06-30T12:22:20","date_gmt":"2026-06-30T12:22:20","guid":{"rendered":"https:\/\/www.europesays.com\/ee\/217193\/"},"modified":"2026-06-30T12:22:20","modified_gmt":"2026-06-30T12:22:20","slug":"kusitlus-kui-palju-kulutad-sina-uhes-kuus-autole","status":"publish","type":"post","link":"https:\/\/www.europesays.com\/ee\/217193\/","title":{"rendered":"K\u00fcsitlus: Kui palju kulutad sina \u00fches kuus autole?"},"content":{"rendered":"<p class=\"x_MsoNormal\">Vastanutest 55% \u00fctles, et nende igakuine kulu auto pidamisele on kuni 300 eurot, 22% vastanutest kulutab autole 300-500 eurot ja 5% vastanutest kulutab \u00fcle 500 euro \u00fches kuus. \u00dclej\u00e4\u00e4nud vastanud ei osanud igakuiste autokulude suurusj\u00e4rku \u00f6elda.<\/p>\n<p class=\"x_MsoNormal\">\u201eNendest tulemustest v\u00f5ib selgelt v\u00e4lja lugeda, et suurem osa Eesti inimestest s\u00f5idab vanema autoga, mis on v\u00e4lja ostetud v\u00f5i mille igakuine laenu- v\u00f5i liisingmakse on v\u00e4ike. Vahemikus 300-500 eurot \u00fches kuus kulutavate inimeste \u00fcsna suur osakaal n\u00e4itab samas, et suurele osale elanikkonnast on liisingmakse v\u00f5i laenu <a rel=\"noopener nofollow\" target=\"_blank\" href=\"https:\/\/www.delfi.ee\/teema\/32638967\/kulud\" tag-id=\"32638967\">kulud<\/a> j\u00f5ukohased,\u201c kommenteeris uuringu tulemusi Europcar Eesti juht Argo Rebane.<\/p>\n<p class=\"x_MsoNormal\">Ligi viiendik ei osanud oma igakuiste autokulude suurusj\u00e4rku \u00f6elda ja see on Rebase s\u00f5nul p\u00e4ris k\u00f5nekas fakt. \u201eJ\u00e4relikult on v\u00e4ga palju neid, kes v\u00f5ib-olla ei m\u00f5tlegi, kui palju nad s\u00f5idukile kulutavad  v\u00f5i siis on nende kulud autole sedav\u00f5rd ettearvamatud,\u201c selgitas ta. <\/p>\n<p>Kui palju kulutad sina?<\/p>\n<p>Vaatame, kas keskmine autoportaali lugeja on n\u00f5us rohkem oma autole kulutama v\u00f5i on vastupidi, palju teadlikum selles osas. Loomulikult on k\u00fcsitlus anon\u00fc\u00fcmne ning l\u00f5ppu v\u00f5ib lisada ka vabas vormis kommentaare, kas ja kuidas te auto kulusid j\u00e4lgite. Kui majapidamises on rohkem autosid kui \u00fcks, siis v\u00f5iks l\u00fc\u00fca k\u00f5ikide kulud kokku ja seda kommentaaris t\u00e4psustada.<\/p>\n<p class=\"x_MsoNormal\">L\u00e4tis ja Leedus on kulud madalamal<\/p>\n<p class=\"x_MsoNormal\">Sama k\u00fcsitlus viidi l\u00e4bi ka L\u00e4tis ja Leedus ning l\u00f5unanaabrite pool avanenud pilt on Eestist erinev. Kuigi nagu Eestiski, on L\u00e4tis-Leedus k\u00f5ige rohkem neid, kes kulutavad autole kuni 300 eurot kuus, ulatub nende osakaal on veelgi k\u00f5rgemale ehk  67 protsendini. <\/p>\n<p class=\"x_MsoNormal\">L\u00e4tis kulutab 300-500 eurot \u00fches kuus autole 14% vastanutest ja Leedus 12%. \u00dcle 500 euro kulutab autole \u00fches kuus nii L\u00e4tis kui Leedus 3% vastanutest. Sarnaselt Eestile, ei tea ligi viiendik vastanutest L\u00e4tis ja Leedus, kui suured on nende igakuised kulud autole .<\/p>\n<p class=\"x_MsoNormal\">\u201eP\u00f5hjus, miks L\u00e4tis-Leedus on Eestiga v\u00f5rreldes rohkem neid, kes saavad auto \u00fclalpidamisega hakkama kuni 300 euroga kuus, on peamiselt selles, et sealne s\u00f5idukipark on vanem ja lisaks tuleb Eestis arvestada suurema automaksuga ning ka auto hooldus v\u00f5ib olla kallim kui l\u00f5unanaabrite juures,\u201c selgitas Rebane.<\/p>\n<p class=\"x_MsoNormal\">Europcari tellimusel teostatud uuringu viis l\u00e4bi Norstat t\u00e4navu mais. Uuringus k\u00fcsitleti vanuses 18\u201365-aastaseid juhiluba omavaid elanikke Eestis, L\u00e4tis ja Leedus. Uuringule vastas kokku 2400 inimest, igas riigis oli valimi suuruseks 800 vastajat.<\/p>\n<p>Kuidas see lugu Sind end tundma pani? Saada <\/p>\n","protected":false},"excerpt":{"rendered":"Vastanutest 55% \u00fctles, et nende igakuine kulu auto pidamisele on kuni 300 eurot, 22% vastanutest kulutab autole 300-500&hellip;\n","protected":false},"author":2,"featured_media":217194,"comment_status":"","ping_status":"","sticky":false,"template":"","format":"standard","meta":{"footnotes":"","_share_on_mastodon":"0"},"categories":[80],"tags":[26,27,37,33,35,34,36,31,32,21,15226,28,29,95,19,25,23,24,22,20,30,92,93,94],"class_list":["post-217193","post","type-post","status-publish","format-standard","has-post-thumbnail","category-maailm","tag-breaking-news","tag-breakingnews","tag-ee","tag-eesti","tag-eesti-keel","tag-estonia","tag-estonian","tag-featured-news","tag-featurednews","tag-headlines","tag-kulud","tag-latest-news","tag-latestnews","tag-maailm","tag-news","tag-populaarseimad-lood","tag-top-stories","tag-topstories","tag-uldised-uudised","tag-uudised","tag-viimased-uudised","tag-world","tag-world-news","tag-worldnews"],"share_on_mastodon":{"url":"https:\/\/pubeurope.com\/@ee\/116839038495903911","error":""},"_links":{"self":[{"href":"https:\/\/www.europesays.com\/ee\/wp-json\/wp\/v2\/posts\/217193","targetHints":{"allow":["GET"]}}],"collection":[{"href":"https:\/\/www.europesays.com\/ee\/wp-json\/wp\/v2\/posts"}],"about":[{"href":"https:\/\/www.europesays.com\/ee\/wp-json\/wp\/v2\/types\/post"}],"author":[{"embeddable":true,"href":"https:\/\/www.europesays.com\/ee\/wp-json\/wp\/v2\/users\/2"}],"replies":[{"embeddable":true,"href":"https:\/\/www.europesays.com\/ee\/wp-json\/wp\/v2\/comments?post=217193"}],"version-history":[{"count":0,"href":"https:\/\/www.europesays.com\/ee\/wp-json\/wp\/v2\/posts\/217193\/revisions"}],"wp:featuredmedia":[{"embeddable":true,"href":"https:\/\/www.europesays.com\/ee\/wp-json\/wp\/v2\/media\/217194"}],"wp:attachment":[{"href":"https:\/\/www.europesays.com\/ee\/wp-json\/wp\/v2\/media?parent=217193"}],"wp:term":[{"taxonomy":"category","embeddable":true,"href":"https:\/\/www.europesays.com\/ee\/wp-json\/wp\/v2\/categories?post=217193"},{"taxonomy":"post_tag","embeddable":true,"href":"https:\/\/www.europesays.com\/ee\/wp-json\/wp\/v2\/tags?post=217193"}],"curies":[{"name":"wp","href":"https:\/\/api.w.org\/{rel}","templated":true}]}}