{"id":21727,"date":"2025-10-17T12:23:11","date_gmt":"2025-10-17T12:23:11","guid":{"rendered":"https:\/\/www.europesays.com\/ee\/21727\/"},"modified":"2025-10-17T12:23:11","modified_gmt":"2025-10-17T12:23:11","slug":"wizz-air-hakkab-tallinnast-budapesti-lendama-majandus","status":"publish","type":"post","link":"https:\/\/www.europesays.com\/ee\/21727\/","title":{"rendered":"Wizz Air hakkab Tallinnast Budapesti lendama | Majandus"},"content":{"rendered":"<p>Ungari odavlennufirma Wizz Air hakkab alates 11. detsembrist kolm korda n\u00e4dalas Tallinnast Budapesti lendama.<\/p>\n<p>Lend Wizz Airiga Tallinnast Ungarisse kestab kaks tundi ja 20 minutit.<\/p>\n<p>Eelmisel n\u00e4dalal teatas Wizz Air, et hakkab alates 12. detsembrist tegema igap\u00e4evaseid otselende Tallinnast Vilniusesse ning alates j\u00e4rgmise aasta maist lisanduvad viis korda n\u00e4dalas lennud Gdanskisse.<\/p>\n<p>Lisaks lendab Wizz Air alates 26. oktoobrist kolm korda n\u00e4dalas Tallinnast Krak\u00f3wisse, alates 3. detsembrist kaks korda n\u00e4dalas Veneetsiasse ning kuni oktoobri keskpaigani viis korda n\u00e4dalas Londonisse, p\u00e4rast seda j\u00e4tkuvad Londini lennud kolm korda n\u00e4dalas.<\/p>\n","protected":false},"excerpt":{"rendered":"Ungari odavlennufirma Wizz Air hakkab alates 11. detsembrist kolm korda n\u00e4dalas Tallinnast Budapesti lendama. Lend Wizz Airiga Tallinnast&hellip;\n","protected":false},"author":2,"featured_media":21728,"comment_status":"","ping_status":"","sticky":false,"template":"","format":"standard","meta":{"footnotes":""},"categories":[14],"tags":[131,130,37,33,35,34,36,1766,4310],"class_list":{"0":"post-21727","1":"post","2":"type-post","3":"status-publish","4":"format-standard","5":"has-post-thumbnail","7":"category-ari","8":"tag-ari","9":"tag-business","10":"tag-ee","11":"tag-eesti","12":"tag-eesti-keel","13":"tag-estonia","14":"tag-estonian","15":"tag-tallinna-lennujaam","16":"tag-wizz-air"},"share_on_mastodon":{"url":"","error":""},"_links":{"self":[{"href":"https:\/\/www.europesays.com\/ee\/wp-json\/wp\/v2\/posts\/21727","targetHints":{"allow":["GET"]}}],"collection":[{"href":"https:\/\/www.europesays.com\/ee\/wp-json\/wp\/v2\/posts"}],"about":[{"href":"https:\/\/www.europesays.com\/ee\/wp-json\/wp\/v2\/types\/post"}],"author":[{"embeddable":true,"href":"https:\/\/www.europesays.com\/ee\/wp-json\/wp\/v2\/users\/2"}],"replies":[{"embeddable":true,"href":"https:\/\/www.europesays.com\/ee\/wp-json\/wp\/v2\/comments?post=21727"}],"version-history":[{"count":0,"href":"https:\/\/www.europesays.com\/ee\/wp-json\/wp\/v2\/posts\/21727\/revisions"}],"wp:featuredmedia":[{"embeddable":true,"href":"https:\/\/www.europesays.com\/ee\/wp-json\/wp\/v2\/media\/21728"}],"wp:attachment":[{"href":"https:\/\/www.europesays.com\/ee\/wp-json\/wp\/v2\/media?parent=21727"}],"wp:term":[{"taxonomy":"category","embeddable":true,"href":"https:\/\/www.europesays.com\/ee\/wp-json\/wp\/v2\/categories?post=21727"},{"taxonomy":"post_tag","embeddable":true,"href":"https:\/\/www.europesays.com\/ee\/wp-json\/wp\/v2\/tags?post=21727"}],"curies":[{"name":"wp","href":"https:\/\/api.w.org\/{rel}","templated":true}]}}