{"id":217270,"date":"2026-06-30T13:42:17","date_gmt":"2026-06-30T13:42:17","guid":{"rendered":"https:\/\/www.europesays.com\/ee\/217270\/"},"modified":"2026-06-30T13:42:17","modified_gmt":"2026-06-30T13:42:17","slug":"majanduskommentaar-ostujou-paranemine-suurendab-tarbimismahtu","status":"publish","type":"post","link":"https:\/\/www.europesays.com\/ee\/217270\/","title":{"rendered":"Majanduskommentaar. Ostuj\u00f5u paranemine suurendab tarbimismahtu"},"content":{"rendered":"<p>T\u00f5nu Mertsina, Swedbanki pea\u00f6konomist<\/p>\n<p>Kuigi juba aprillis jaekaubandusettev\u00f5tete m\u00fc\u00fcgitulu mahukasv aeglustus ja mais v\u00e4henes see protsendi v\u00f5rra, on veel liiga vara r\u00e4\u00e4kida Eesti jaekaubanduse halvenenud v\u00e4ljavaatest.<\/p>\n<p>Jaekaubanduse m\u00fc\u00fcgitulu aastased kasvud ongi olnud volatiilsed. T\u00e4navu esimese viie kuuga on jaekaubandusettev\u00f5tete m\u00fc\u00fcgitulu maht suurenenud aastases v\u00f5rdluses 4%, samas kui eelmise aasta sama ajaga suurenes see 3% ja eelmisel aastal kokku 2%.<\/p>\n<p>Toidukaupade ja alkoholi m\u00fc\u00fcgimahu langus taandub<\/p>\n<p>Maikuu languse taga oli t\u00f6\u00f6stuskaupade m\u00fc\u00fcgimahu 5% v\u00e4henemine. Kuigi nii suurt langust n\u00e4gime \u00fclem\u00f6\u00f6dunud aastal, mahtus ka eelmise aasta teise poolde paar kuud t\u00f6\u00f6stuskaupade m\u00fc\u00fcgimahu v\u00e4henemist. Positiivne on aga see, et toidukaupade ja alkoholi m\u00fc\u00fcgimahu langus on taandumas.<br \/>Toidu, jookide ja tubaka m\u00fc\u00fcgil on tugev m\u00f5ju, kuna nende kaupade osakaal kogu jaekaubanduse m\u00fc\u00fcgitulust on enam kui kolmandik (35%). Kuigi t\u00e4navu esimeses kvartalis tarbisid majapidamised nii toiduaineid kui ka alkohoolseid jooke ja tubakatooteid v\u00e4hem kui aasta tagasi, on viimase jooksva aastaga suurem langus toimunud alkohoolsete jookide ja tubakatoodete tarbimises.<br \/>Majapidamiste toiduainete tarbimismaht j\u00f5udis viimati tippu 2021. aastal, kuid tollal l\u00fckkas seda tagant pensionisambast v\u00e4ljav\u00f5etud raha kulutamine. Viimase nelja aastaga on Eestis toidu tarbimismaht k\u00fcll languses olnud, kuid sellele eelnes (2010-2021) Euroopa riikide v\u00f5rdluses \u00fcks suuremaid t\u00f5use.<\/p>\n<p>Kaardimaksed n\u00e4itavad tarbimise kasvu<\/p>\n<p>Veel jaanuaris ja veebruaris Swedbanki kaardimaksed ilma inflatsiooni m\u00f5juta v\u00e4henesid, aga alates m\u00e4rtsist on need suurenenud. K\u00f5ige enam tehakse kaardimakseid toiduainete ostmisel, kuid koos inflatsiooni m\u00f5juga on t\u00e4navune kasv siiski marginaalne. Aasta esimese viie kuuga on Swedbanki kaardimaksed suurenenud enim elektroonikakaupadele ning kaubamajadest, e-kaubandusest ja laevadelt tehtud ostudele.<br \/>Kaardimaksete kasv viitab suurenenud eratarbimisele. Jaekaubanduse osakaal kogu eratarbimises on aga ligi kolmandik.<\/p>\n<p>Majapidamiste kindlustunne paraneb<\/p>\n<p>Eesti majapidamiste kindlustunne, mis m\u00e4rtsis ja aprillis paljuski USA ja Iraani s\u00f5ja, energiahindade t\u00f5usu ning sellega kaasnenud inflatsiooni ning majanduse v\u00e4ljavaadete halvenemise t\u00f5ttu tagasil\u00f6\u00f6gi sai, on mais ja juunis uuesti tasapisi suurenenud. Samuti on majapidamiste kindlustunne praegu parem kui aasta tagasi.<\/p>\n<p>Ostuj\u00f5ud suureneb<\/p>\n<p>Netopalk ilma inflatsiooni m\u00f5juta teeb t\u00e4navu tugeva t\u00f5usu, mis t\u00e4hendab olulist ostuj\u00f5u paranemist ja see peaks omakorda tarbimismahtu suurendama. Samas on maksuk\u00fc\u00fcru kaotamise m\u00f5ju majapidamistele olnud erinev ja see on muutnud veidi ka tarbimise struktuuri. Madalama palga juures, kus toidule minevate kulutuste osakaal on oluliselt suurem, on maksuk\u00fc\u00fcru kaotamise m\u00f5ju v\u00e4ga tagasihoidlik. Samas on majapidamised, kelle palk on \u00fcle mediaani, sellest reformist m\u00e4rgatavalt rohkem kasu saanud.<\/p>\n","protected":false},"excerpt":{"rendered":"T\u00f5nu Mertsina, Swedbanki pea\u00f6konomist Kuigi juba aprillis jaekaubandusettev\u00f5tete m\u00fc\u00fcgitulu mahukasv aeglustus ja mais v\u00e4henes see protsendi v\u00f5rra, on&hellip;\n","protected":false},"author":2,"featured_media":217271,"comment_status":"","ping_status":"","sticky":false,"template":"","format":"standard","meta":{"footnotes":"","_share_on_mastodon":"0"},"categories":[5],"tags":[26,27,37,33,35,34,36,31,32,21,28,29,19,22027,25,23,24,22,20,30],"class_list":["post-217270","post","type-post","status-publish","format-standard","has-post-thumbnail","category-uldised-uudised","tag-breaking-news","tag-breakingnews","tag-ee","tag-eesti","tag-eesti-keel","tag-estonia","tag-estonian","tag-featured-news","tag-featurednews","tag-headlines","tag-latest-news","tag-latestnews","tag-news","tag-ostujoud","tag-populaarseimad-lood","tag-top-stories","tag-topstories","tag-uldised-uudised","tag-uudised","tag-viimased-uudised"],"share_on_mastodon":{"url":"https:\/\/pubeurope.com\/@ee\/116839353382387959","error":""},"_links":{"self":[{"href":"https:\/\/www.europesays.com\/ee\/wp-json\/wp\/v2\/posts\/217270","targetHints":{"allow":["GET"]}}],"collection":[{"href":"https:\/\/www.europesays.com\/ee\/wp-json\/wp\/v2\/posts"}],"about":[{"href":"https:\/\/www.europesays.com\/ee\/wp-json\/wp\/v2\/types\/post"}],"author":[{"embeddable":true,"href":"https:\/\/www.europesays.com\/ee\/wp-json\/wp\/v2\/users\/2"}],"replies":[{"embeddable":true,"href":"https:\/\/www.europesays.com\/ee\/wp-json\/wp\/v2\/comments?post=217270"}],"version-history":[{"count":0,"href":"https:\/\/www.europesays.com\/ee\/wp-json\/wp\/v2\/posts\/217270\/revisions"}],"wp:featuredmedia":[{"embeddable":true,"href":"https:\/\/www.europesays.com\/ee\/wp-json\/wp\/v2\/media\/217271"}],"wp:attachment":[{"href":"https:\/\/www.europesays.com\/ee\/wp-json\/wp\/v2\/media?parent=217270"}],"wp:term":[{"taxonomy":"category","embeddable":true,"href":"https:\/\/www.europesays.com\/ee\/wp-json\/wp\/v2\/categories?post=217270"},{"taxonomy":"post_tag","embeddable":true,"href":"https:\/\/www.europesays.com\/ee\/wp-json\/wp\/v2\/tags?post=217270"}],"curies":[{"name":"wp","href":"https:\/\/api.w.org\/{rel}","templated":true}]}}