{"id":217283,"date":"2026-06-30T13:59:11","date_gmt":"2026-06-30T13:59:11","guid":{"rendered":"https:\/\/www.europesays.com\/ee\/217283\/"},"modified":"2026-06-30T13:59:11","modified_gmt":"2026-06-30T13:59:11","slug":"rahvusvahelise-suveakadeemia-ooperisolistid-toid-kuulajateni-maailmaklassika-parlid","status":"publish","type":"post","link":"https:\/\/www.europesays.com\/ee\/217283\/","title":{"rendered":"Rahvusvahelise suveakadeemia ooperisolistid t\u00f5id kuulajateni maailmaklassika p\u00e4rlid"},"content":{"rendered":"<p>Kreta Liis Reino<\/p>\n<p>Rapla kirikumuusika festivali programmi ehtis juunikuu viimasel esmasp\u00e4eval ooperigala, mis t\u00f5i kultuurikeskuse lavale 12. korda toimunud Rapla rahvusvahelise suveakadeemia s\u00e4ravad ooperisolistid.<\/p>\n<p>Lauljad t\u00f5id publiku ette ooperimaailma tipprepertuaari, olles eelnevalt ammutanud teadmisi rahvusvaheliselt tunnustatud Itaalia metsosopranilt Patrizia Patelmolt.<br \/>Rapla kirikumuusika festival on aastatepikkuse traditsiooniga t\u00f5estanud, et siinsed suveakadeemiad toovad kokku muusikamaailma tipptaseme. <\/p>\n","protected":false},"excerpt":{"rendered":"Kreta Liis Reino Rapla kirikumuusika festivali programmi ehtis juunikuu viimasel esmasp\u00e4eval ooperigala, mis t\u00f5i kultuurikeskuse lavale 12. korda&hellip;\n","protected":false},"author":2,"featured_media":217284,"comment_status":"","ping_status":"","sticky":false,"template":"","format":"standard","meta":{"footnotes":"","_share_on_mastodon":"0"},"categories":[16],"tags":[37,33,35,173,34,36,140,88900,88901],"class_list":["post-217283","post","type-post","status-publish","format-standard","has-post-thumbnail","category-meelelahutus","tag-ee","tag-eesti","tag-eesti-keel","tag-entertainment","tag-estonia","tag-estonian","tag-meelelahutus","tag-ooperigala","tag-rapla-kirkumuusikafestival"],"share_on_mastodon":{"url":"https:\/\/pubeurope.com\/@ee\/116839420062474757","error":""},"_links":{"self":[{"href":"https:\/\/www.europesays.com\/ee\/wp-json\/wp\/v2\/posts\/217283","targetHints":{"allow":["GET"]}}],"collection":[{"href":"https:\/\/www.europesays.com\/ee\/wp-json\/wp\/v2\/posts"}],"about":[{"href":"https:\/\/www.europesays.com\/ee\/wp-json\/wp\/v2\/types\/post"}],"author":[{"embeddable":true,"href":"https:\/\/www.europesays.com\/ee\/wp-json\/wp\/v2\/users\/2"}],"replies":[{"embeddable":true,"href":"https:\/\/www.europesays.com\/ee\/wp-json\/wp\/v2\/comments?post=217283"}],"version-history":[{"count":0,"href":"https:\/\/www.europesays.com\/ee\/wp-json\/wp\/v2\/posts\/217283\/revisions"}],"wp:featuredmedia":[{"embeddable":true,"href":"https:\/\/www.europesays.com\/ee\/wp-json\/wp\/v2\/media\/217284"}],"wp:attachment":[{"href":"https:\/\/www.europesays.com\/ee\/wp-json\/wp\/v2\/media?parent=217283"}],"wp:term":[{"taxonomy":"category","embeddable":true,"href":"https:\/\/www.europesays.com\/ee\/wp-json\/wp\/v2\/categories?post=217283"},{"taxonomy":"post_tag","embeddable":true,"href":"https:\/\/www.europesays.com\/ee\/wp-json\/wp\/v2\/tags?post=217283"}],"curies":[{"name":"wp","href":"https:\/\/api.w.org\/{rel}","templated":true}]}}