{"id":217385,"date":"2026-06-30T15:43:11","date_gmt":"2026-06-30T15:43:11","guid":{"rendered":"https:\/\/www.europesays.com\/ee\/217385\/"},"modified":"2026-06-30T15:43:11","modified_gmt":"2026-06-30T15:43:11","slug":"kohtla-jarve-volikogu-vottis-linnapea-max-kauri-ametist-maha-ja-valis-uue-linnapea","status":"publish","type":"post","link":"https:\/\/www.europesays.com\/ee\/217385\/","title":{"rendered":"Kohtla-J\u00e4rve volikogu v\u00f5ttis linnapea Max Kauri ametist maha ja valis uue linnapea"},"content":{"rendered":"<p>Keskerakondlasest Max Kauri umbusaldamise poolt oli 14 volikogu liiget, vastu 9. See t\u00e4hendab, et tema tagandamist pooldas ka osa koalitsioonisaadikuid.<\/p>\n<p>Kohe valis volikogu ka uue linnapea, kelleks sai senine Kohtla-J\u00e4rve sotsiaalvaldkonna abilinnapea Evelyn Danilov. Tema poolt h\u00e4\u00e4letas 18 ja vastu oli 3 volikogu liiget.<\/p>\n<p>Samal istungil kinnitas volikogu ka uue linnavalitsuse. Sotsiaalvaldkonna abilinnapeaks sai Aljona K\u00f5pp, arengu- ja majandusvaldkonna abilinnapeaks Deniss Ver\u0161inin ning haridus- ja kultuurivaldkonna abilinnapeaks Jaanek Pahka.<\/p>\n","protected":false},"excerpt":{"rendered":"Keskerakondlasest Max Kauri umbusaldamise poolt oli 14 volikogu liiget, vastu 9. See t\u00e4hendab, et tema tagandamist pooldas ka&hellip;\n","protected":false},"author":2,"featured_media":217386,"comment_status":"","ping_status":"","sticky":false,"template":"","format":"standard","meta":{"footnotes":"","_share_on_mastodon":"0"},"categories":[12],"tags":[26,27,37,33,35,34,36,31,32,21,2522,819,7987,7876,6926,16146,28,29,4422,4008,22760,19,12439,999,25,23,24,22,52723,20,30,727],"class_list":["post-217385","post","type-post","status-publish","format-standard","has-post-thumbnail","category-eesti","tag-breaking-news","tag-breakingnews","tag-ee","tag-eesti","tag-eesti-keel","tag-estonia","tag-estonian","tag-featured-news","tag-featurednews","tag-headlines","tag-ida-virumaa","tag-keskerakond","tag-koalitsioon","tag-kohalik-omavalitsus","tag-kohtla-jarve","tag-kohtla-jarve-linnavolikogu","tag-latest-news","tag-latestnews","tag-linnajuhtimine","tag-linnapea","tag-max-kaur","tag-news","tag-opositsioon","tag-poliitika","tag-populaarseimad-lood","tag-top-stories","tag-topstories","tag-uldised-uudised","tag-umbusalduse-avaldamine","tag-uudised","tag-viimased-uudised","tag-volikogu"],"share_on_mastodon":{"url":"","error":"Validation failed: Text character limit of 500 exceeded"},"_links":{"self":[{"href":"https:\/\/www.europesays.com\/ee\/wp-json\/wp\/v2\/posts\/217385","targetHints":{"allow":["GET"]}}],"collection":[{"href":"https:\/\/www.europesays.com\/ee\/wp-json\/wp\/v2\/posts"}],"about":[{"href":"https:\/\/www.europesays.com\/ee\/wp-json\/wp\/v2\/types\/post"}],"author":[{"embeddable":true,"href":"https:\/\/www.europesays.com\/ee\/wp-json\/wp\/v2\/users\/2"}],"replies":[{"embeddable":true,"href":"https:\/\/www.europesays.com\/ee\/wp-json\/wp\/v2\/comments?post=217385"}],"version-history":[{"count":0,"href":"https:\/\/www.europesays.com\/ee\/wp-json\/wp\/v2\/posts\/217385\/revisions"}],"wp:featuredmedia":[{"embeddable":true,"href":"https:\/\/www.europesays.com\/ee\/wp-json\/wp\/v2\/media\/217386"}],"wp:attachment":[{"href":"https:\/\/www.europesays.com\/ee\/wp-json\/wp\/v2\/media?parent=217385"}],"wp:term":[{"taxonomy":"category","embeddable":true,"href":"https:\/\/www.europesays.com\/ee\/wp-json\/wp\/v2\/categories?post=217385"},{"taxonomy":"post_tag","embeddable":true,"href":"https:\/\/www.europesays.com\/ee\/wp-json\/wp\/v2\/tags?post=217385"}],"curies":[{"name":"wp","href":"https:\/\/api.w.org\/{rel}","templated":true}]}}