{"id":217430,"date":"2026-06-30T16:36:28","date_gmt":"2026-06-30T16:36:28","guid":{"rendered":"https:\/\/www.europesays.com\/ee\/217430\/"},"modified":"2026-06-30T16:36:28","modified_gmt":"2026-06-30T16:36:28","slug":"telefoninumbrid-privaatseks-whatsapp-votab-kasutusele-kasutajanimed","status":"publish","type":"post","link":"https:\/\/www.europesays.com\/ee\/217430\/","title":{"rendered":"Telefoninumbrid privaatseks: WhatsApp v\u00f5tab kasutusele kasutajanimed"},"content":{"rendered":"<p>Meta s\u00f5nul saavad kasutajad hakata juba sel n\u00e4dalal endale kasutajanimesid broneerima, minnes WhatsAppi s\u00e4tetesse ning valides esimese valiku ehk oma konto. Hetkel polnud aga Geeniuse toimetusel v\u00f5imalik kasutajanime reserveerida, mistap j\u00f5uab funktsioon kasutajateni ilmselt jooksvalt. WhatsApp teavitab kasutajat, kui broneeringud on avatud. Kasutajanime broneerimisel ei lase WhatsApp v\u00f5tta nime, mis j\u00e4ljendab m\u00f5nda organisatsiooni, valitsusasutust v\u00f5i kuulsust.<\/p>\n<p><img decoding=\"async\" src=\"https:\/\/www.europesays.com\/ee\/wp-content\/uploads\/2026\/06\/bbcd6c65-4f7c-4ece-b7ad-e6b6142029ca.jpg\" loading=\"lazy\" alt=\"\u00dcle saab v\u00f5tta ka oma Facebooki v\u00f5i Instagrami kasutajanime.\"\/><\/p>\n<p>Tegemist on suure muudatusega, kuna WhatsAppil on \u00fcle 3 miljardi kasutaja. Seet\u00f5ttu antakse kasutajatele esmalt v\u00f5imalus endale sobilik nimi broneerida, kasutajanimed asendavad telefoninumbrid selle aasta teises pooles.<\/p>\n<p>Kuidas see lugu Sind end tundma pani? Saada <\/p>\n","protected":false},"excerpt":{"rendered":"Meta s\u00f5nul saavad kasutajad hakata juba sel n\u00e4dalal endale kasutajanimesid broneerima, minnes WhatsAppi s\u00e4tetesse ning valides esimese valiku&hellip;\n","protected":false},"author":2,"featured_media":217431,"comment_status":"","ping_status":"","sticky":false,"template":"","format":"standard","meta":{"footnotes":"","_share_on_mastodon":"0"},"categories":[14],"tags":[131,130,37,33,35,34,36,88959,2886,397,88958,34978,88960,27255],"class_list":["post-217430","post","type-post","status-publish","format-standard","has-post-thumbnail","category-ari","tag-ari","tag-business","tag-ee","tag-eesti","tag-eesti-keel","tag-estonia","tag-estonian","tag-kasutajanimi","tag-meta","tag-sotsiaalmeedia","tag-suhtlusapp","tag-telefoninumber","tag-vestlusapp","tag-whatsapp"],"share_on_mastodon":{"url":"https:\/\/pubeurope.com\/@ee\/116840037625660617","error":""},"_links":{"self":[{"href":"https:\/\/www.europesays.com\/ee\/wp-json\/wp\/v2\/posts\/217430","targetHints":{"allow":["GET"]}}],"collection":[{"href":"https:\/\/www.europesays.com\/ee\/wp-json\/wp\/v2\/posts"}],"about":[{"href":"https:\/\/www.europesays.com\/ee\/wp-json\/wp\/v2\/types\/post"}],"author":[{"embeddable":true,"href":"https:\/\/www.europesays.com\/ee\/wp-json\/wp\/v2\/users\/2"}],"replies":[{"embeddable":true,"href":"https:\/\/www.europesays.com\/ee\/wp-json\/wp\/v2\/comments?post=217430"}],"version-history":[{"count":0,"href":"https:\/\/www.europesays.com\/ee\/wp-json\/wp\/v2\/posts\/217430\/revisions"}],"wp:featuredmedia":[{"embeddable":true,"href":"https:\/\/www.europesays.com\/ee\/wp-json\/wp\/v2\/media\/217431"}],"wp:attachment":[{"href":"https:\/\/www.europesays.com\/ee\/wp-json\/wp\/v2\/media?parent=217430"}],"wp:term":[{"taxonomy":"category","embeddable":true,"href":"https:\/\/www.europesays.com\/ee\/wp-json\/wp\/v2\/categories?post=217430"},{"taxonomy":"post_tag","embeddable":true,"href":"https:\/\/www.europesays.com\/ee\/wp-json\/wp\/v2\/tags?post=217430"}],"curies":[{"name":"wp","href":"https:\/\/api.w.org\/{rel}","templated":true}]}}