{"id":217455,"date":"2026-06-30T17:08:10","date_gmt":"2026-06-30T17:08:10","guid":{"rendered":"https:\/\/www.europesays.com\/ee\/217455\/"},"modified":"2026-06-30T17:08:10","modified_gmt":"2026-06-30T17:08:10","slug":"lebron-jatkab-karjaari-aga-mitte-lakersis-korvpall","status":"publish","type":"post","link":"https:\/\/www.europesays.com\/ee\/217455\/","title":{"rendered":"LeBron j\u00e4tkab karj\u00e4\u00e4ri, aga mitte Lakersis | Korvpall"},"content":{"rendered":"<p>Korvpallilegend LeBron James teatas Los Angeles Lakersile, et plaanib j\u00e4rgmisel hooajal oma karj\u00e4\u00e4ri j\u00e4tkata, aga Lakers temaga arvestama ei pea.<\/p>\n<p>2020. aastal Lakersiga NBA meistriks tulnud James sai mullu 41-aastaseks, aga n\u00e4itas j\u00e4tkuvalt k\u00f5rget taset, kui aitas ilma Luka Doncicita m\u00e4nginud Lakersi l\u00e4\u00e4nekonverentsi play-off&#8217;i avaringis Houston Rocketsi \u00fcle v\u00f5idule. Los Angelese klubi hooaeg l\u00f5ppes siiski j\u00e4rgmises ringis Oklahoma City Thunderi vastu.<\/p>\n<p>P\u00e4rast hooaja viimast m\u00e4ngu \u00fctles NBA skoorikuningas, et <a href=\"https:\/\/sport.err.ee\/1610022181\/lebron-pole-tuleviku-osas-otsust-teinud-jatsin-endast-koik-valjakule\" target=\"_blank\" rel=\"noopener nofollow\">v\u00f5tab edasiste otsuste tegemiseks aega<\/a>, kuid tema agent Rich Paul teatas teisip\u00e4eval ESPN-ile, et James j\u00e4tkab oma karj\u00e4\u00e4ri. Tunnustatud ajakirjanik Shams Charania edastas Pauli s\u00f5numi, milles toodi ka v\u00e4lja, et Jamesi ning Lakersi teed l\u00e4hevad lahku.<\/p>\n<p>Los Angelese klubi soetas poolteist aastat tagasi Dallasest Sloveenia superstaari Luka Doncici ning viimasel kahel hooajal on Lakers v\u00f5itnud 50 ja 53 m\u00e4ngu, kuid tugevas l\u00e4\u00e4nekonverentsis l\u00e4bi murda \u00f5nnestunud pole. Jamesi lahkumisega saab Lakers aga t\u00e4ielikult 27-aastase Doncici meeskonnaks ning klubi saab hakata tiimi ehitama \u00fcmber sloveenlase oskuste. Prioriteediks peaks olema keskm\u00e4ngija positsiooni tugevdamine, lisaks peab Lakers otsustama, kas tagam\u00e4ngija Austin Reaves v\u00e4\u00e4rib hiiglaslikku lepingupikendust.<\/p>\n<p>Jamesi tulevik on lahtine, aga v\u00f5ib eeldada, et tal on m\u00f5ned klubid v\u00e4lja valitud. Ta liitus 2003. aasta draft&#8217;is koduse Cleveland Cavaliersiga, aga siirdus 2010. aastal Miami Heati, kellega v\u00f5itis kaks meistritiitlit. 2014. aastal l\u00e4ks ta Clevelandi tagasi ning juhtis 2016. aastal Cavaliersi esimese meistritiitlini. 2018. aastal l\u00e4ks ta Lakersisse ning on veetnud l\u00e4\u00e4nerannikul viimased kaheksa hooaega.<\/p>\n<p>Esmasp\u00e4eval kirjutas Yahoo Sportsi ajakirjanik Kevin O&#8217;Connor allikatele tuginedes, et neljakordse MVP karj\u00e4\u00e4r v\u00f5ib j\u00e4tkuda Golden State Warriorsis, kus ta liituks Stephen Curryga. O&#8217;Connori s\u00f5nul tahaks Golden State tuua tiimi veel Washington Wizardsi keskm\u00e4ngija Anthony Davise, kellega James 2020. aastal meistriks tuli. James on vabaagent, kuid Davise soetamiseks oleks Warriorsil vaja Washingtoniga kaubale j\u00f5uda, sest tsentril on veel j\u00e4rgmiseks kaheks aastaks leping olemas.<\/p>\n","protected":false},"excerpt":{"rendered":"Korvpallilegend LeBron James teatas Los Angeles Lakersile, et plaanib j\u00e4rgmisel hooajal oma karj\u00e4\u00e4ri j\u00e4tkata, aga Lakers temaga arvestama&hellip;\n","protected":false},"author":2,"featured_media":217456,"comment_status":"","ping_status":"","sticky":false,"template":"","format":"standard","meta":{"footnotes":"","_share_on_mastodon":"0"},"categories":[18],"tags":[37,33,35,34,36,7833,4391,159,158],"class_list":["post-217455","post","type-post","status-publish","format-standard","has-post-thumbnail","category-sport","tag-ee","tag-eesti","tag-eesti-keel","tag-estonia","tag-estonian","tag-lebron-james","tag-nba","tag-sport","tag-sports"],"share_on_mastodon":{"url":"https:\/\/pubeurope.com\/@ee\/116840163306468580","error":""},"_links":{"self":[{"href":"https:\/\/www.europesays.com\/ee\/wp-json\/wp\/v2\/posts\/217455","targetHints":{"allow":["GET"]}}],"collection":[{"href":"https:\/\/www.europesays.com\/ee\/wp-json\/wp\/v2\/posts"}],"about":[{"href":"https:\/\/www.europesays.com\/ee\/wp-json\/wp\/v2\/types\/post"}],"author":[{"embeddable":true,"href":"https:\/\/www.europesays.com\/ee\/wp-json\/wp\/v2\/users\/2"}],"replies":[{"embeddable":true,"href":"https:\/\/www.europesays.com\/ee\/wp-json\/wp\/v2\/comments?post=217455"}],"version-history":[{"count":0,"href":"https:\/\/www.europesays.com\/ee\/wp-json\/wp\/v2\/posts\/217455\/revisions"}],"wp:featuredmedia":[{"embeddable":true,"href":"https:\/\/www.europesays.com\/ee\/wp-json\/wp\/v2\/media\/217456"}],"wp:attachment":[{"href":"https:\/\/www.europesays.com\/ee\/wp-json\/wp\/v2\/media?parent=217455"}],"wp:term":[{"taxonomy":"category","embeddable":true,"href":"https:\/\/www.europesays.com\/ee\/wp-json\/wp\/v2\/categories?post=217455"},{"taxonomy":"post_tag","embeddable":true,"href":"https:\/\/www.europesays.com\/ee\/wp-json\/wp\/v2\/tags?post=217455"}],"curies":[{"name":"wp","href":"https:\/\/api.w.org\/{rel}","templated":true}]}}