{"id":217468,"date":"2026-06-30T17:30:10","date_gmt":"2026-06-30T17:30:10","guid":{"rendered":"https:\/\/www.europesays.com\/ee\/217468\/"},"modified":"2026-06-30T17:30:10","modified_gmt":"2026-06-30T17:30:10","slug":"lebron-james-lahkub-lakersist-delfi-sport","status":"publish","type":"post","link":"https:\/\/www.europesays.com\/ee\/217468\/","title":{"rendered":"LeBron James lahkub Lakersist &#8211; Delfi Sport"},"content":{"rendered":"<p>James tuleb v\u00e4ljakule ka oma 24. NBA hooajaks, kuid tema agentuuri Klutch Sportsi tegevjuht Rich Paul kinnitas ESPN-i ajakirjanikule Shams Charaniale, et tema klient ei soovi enam Los Angeles Lakersis j\u00e4tkata.<\/p>\n<p>USA meedia teatel tunneb Jamesi vastu huvi Golden State Warriors, kes on tema v\u00e4rbamiseks juba esimesi samme astunud. Kuid hetkel veel aegade \u00fche parima korvpalluri j\u00e4rgmine t\u00f6\u00f6andja teada pole.<\/p>\n<p>41-aastane James esindas Lakersit \u00fcheksa hooaega ning v\u00f5itis klubiga 2020. aastal NBA meistritiitli. Kokku on 206-sentimeetrine \u00e4\u00e4rem\u00e4ngija kroonitud NBA meistriks neljal korral, varasemalt tuli ta t\u0161empioniks ka Miami Heati (2012. ja 2013. aastal) ning Cleveland Cavaliersiga (2016. aastal).<\/p>\n<p>James kogus eelmisel p\u00f5hihooajal keskmiselt 21 punkti, kuus lauapalli ja seitse korvis\u00f6\u00f6tu m\u00e4ngu kohta, kuid Lakers langes play-off\u2019is v\u00e4lja teises ringis. Oma rolli m\u00e4ngis selles ka meeskonna teise t\u00e4he Luka Don\u010di\u0107i vigastus.<\/p>\n<p>Kuidas see lugu Sind end tundma pani? Saada <a href=\"https:\/\/sport.delfi.ee\/a\/120594208\/lebron-james-lahkub-lakersist\/kommentaarid\" class=\"article-body-bottom__comment article-body-bottom__comment--write button button--primary button--size-auto\" rel=\"nofollow noopener\" target=\"_blank\"> Kommenteeri <\/a><a href=\"https:\/\/sport.delfi.ee\/a\/120594208\/lebron-james-lahkub-lakersist\/kommentaarid\" class=\"article-body-bottom__comment article-body-bottom__comment--read button button--size-auto\" rel=\"nofollow noopener\" target=\"_blank\"> Loe kommentaare (5)<\/a><\/p>\n","protected":false},"excerpt":{"rendered":"James tuleb v\u00e4ljakule ka oma 24. NBA hooajaks, kuid tema agentuuri Klutch Sportsi tegevjuht Rich Paul kinnitas ESPN-i&hellip;\n","protected":false},"author":2,"featured_media":217469,"comment_status":"","ping_status":"","sticky":false,"template":"","format":"standard","meta":{"footnotes":"","_share_on_mastodon":"0"},"categories":[18],"tags":[37,33,35,34,36,7833,159,158],"class_list":["post-217468","post","type-post","status-publish","format-standard","has-post-thumbnail","category-sport","tag-ee","tag-eesti","tag-eesti-keel","tag-estonia","tag-estonian","tag-lebron-james","tag-sport","tag-sports"],"share_on_mastodon":{"url":"https:\/\/pubeurope.com\/@ee\/116840249857350096","error":""},"_links":{"self":[{"href":"https:\/\/www.europesays.com\/ee\/wp-json\/wp\/v2\/posts\/217468","targetHints":{"allow":["GET"]}}],"collection":[{"href":"https:\/\/www.europesays.com\/ee\/wp-json\/wp\/v2\/posts"}],"about":[{"href":"https:\/\/www.europesays.com\/ee\/wp-json\/wp\/v2\/types\/post"}],"author":[{"embeddable":true,"href":"https:\/\/www.europesays.com\/ee\/wp-json\/wp\/v2\/users\/2"}],"replies":[{"embeddable":true,"href":"https:\/\/www.europesays.com\/ee\/wp-json\/wp\/v2\/comments?post=217468"}],"version-history":[{"count":0,"href":"https:\/\/www.europesays.com\/ee\/wp-json\/wp\/v2\/posts\/217468\/revisions"}],"wp:featuredmedia":[{"embeddable":true,"href":"https:\/\/www.europesays.com\/ee\/wp-json\/wp\/v2\/media\/217469"}],"wp:attachment":[{"href":"https:\/\/www.europesays.com\/ee\/wp-json\/wp\/v2\/media?parent=217468"}],"wp:term":[{"taxonomy":"category","embeddable":true,"href":"https:\/\/www.europesays.com\/ee\/wp-json\/wp\/v2\/categories?post=217468"},{"taxonomy":"post_tag","embeddable":true,"href":"https:\/\/www.europesays.com\/ee\/wp-json\/wp\/v2\/tags?post=217468"}],"curies":[{"name":"wp","href":"https:\/\/api.w.org\/{rel}","templated":true}]}}