{"id":217578,"date":"2026-06-30T19:52:08","date_gmt":"2026-06-30T19:52:08","guid":{"rendered":"https:\/\/www.europesays.com\/ee\/217578\/"},"modified":"2026-06-30T19:52:08","modified_gmt":"2026-06-30T19:52:08","slug":"sinul-ka-%e2%9f%a9-nende-kolme-tahemargi-esindaja-energia-hakkab-nuud-tuhinal-tousma","status":"publish","type":"post","link":"https:\/\/www.europesays.com\/ee\/217578\/","title":{"rendered":"SINUL KA? \u27e9 Nende kolme t\u00e4hem\u00e4rgi esindaja energia hakkab n\u00fc\u00fcd tuhinal t\u00f5usma"},"content":{"rendered":"<p>Kirge ja eluj\u00f5udu juhtiv Marss on saabunud Kaksikutesse, kuhu j\u00e4\u00e4b kuni 11. augustini. Kolme sodiaagim\u00e4rki m\u00f5jutab see seis aga eriti soodsalt ning v\u00f5ib t\u00f5sta nende igap\u00e4evast energiataset.<\/p>\n<p>28. juunil liikus s\u00f5japlaneet Marss fikseeritud maam\u00e4rgist S\u00f5nnist muutlikusse \u00f5hum\u00e4rki Kaksikutesse \u2013 siin on toimumas suur liikumaminek asjaoludes, mis seni end kogusid.<\/p>\n","protected":false},"excerpt":{"rendered":"Kirge ja eluj\u00f5udu juhtiv Marss on saabunud Kaksikutesse, kuhu j\u00e4\u00e4b kuni 11. augustini. Kolme sodiaagim\u00e4rki m\u00f5jutab see seis&hellip;\n","protected":false},"author":2,"featured_media":217579,"comment_status":"","ping_status":"","sticky":false,"template":"","format":"standard","meta":{"footnotes":"","_share_on_mastodon":"0"},"categories":[16],"tags":[19497,9943,37,33,35,89075,4527,173,21170,34,36,206,19493,19496,9135,6558,9138,81839,19494,86454,140,3755,19495,26183,9137,843,9136,842,6227,4194,9139,16961],"class_list":["post-217578","post","type-post","status-publish","format-standard","has-post-thumbnail","category-meelelahutus","tag-ambur","tag-astroloogia","tag-ee","tag-eesti","tag-eesti-keel","tag-elujoud","tag-energia","tag-entertainment","tag-esoteerika","tag-estonia","tag-estonian","tag-horoskoop","tag-jaar","tag-kaalud","tag-kaksikud","tag-kalad","tag-kaljukits","tag-kirg","tag-lovi","tag-marss-kaksikutes","tag-meelelahutus","tag-motivatsioon","tag-neitsi","tag-planeediseisud","tag-skorpion","tag-sodiaagimargid","tag-sonn","tag-tahemargid","tag-tuli","tag-vahk","tag-veevalaja","tag-voitlus"],"share_on_mastodon":{"url":"https:\/\/pubeurope.com\/@ee\/116840808080720227","error":""},"_links":{"self":[{"href":"https:\/\/www.europesays.com\/ee\/wp-json\/wp\/v2\/posts\/217578","targetHints":{"allow":["GET"]}}],"collection":[{"href":"https:\/\/www.europesays.com\/ee\/wp-json\/wp\/v2\/posts"}],"about":[{"href":"https:\/\/www.europesays.com\/ee\/wp-json\/wp\/v2\/types\/post"}],"author":[{"embeddable":true,"href":"https:\/\/www.europesays.com\/ee\/wp-json\/wp\/v2\/users\/2"}],"replies":[{"embeddable":true,"href":"https:\/\/www.europesays.com\/ee\/wp-json\/wp\/v2\/comments?post=217578"}],"version-history":[{"count":0,"href":"https:\/\/www.europesays.com\/ee\/wp-json\/wp\/v2\/posts\/217578\/revisions"}],"wp:featuredmedia":[{"embeddable":true,"href":"https:\/\/www.europesays.com\/ee\/wp-json\/wp\/v2\/media\/217579"}],"wp:attachment":[{"href":"https:\/\/www.europesays.com\/ee\/wp-json\/wp\/v2\/media?parent=217578"}],"wp:term":[{"taxonomy":"category","embeddable":true,"href":"https:\/\/www.europesays.com\/ee\/wp-json\/wp\/v2\/categories?post=217578"},{"taxonomy":"post_tag","embeddable":true,"href":"https:\/\/www.europesays.com\/ee\/wp-json\/wp\/v2\/tags?post=217578"}],"curies":[{"name":"wp","href":"https:\/\/api.w.org\/{rel}","templated":true}]}}