{"id":217666,"date":"2026-06-30T22:07:17","date_gmt":"2026-06-30T22:07:17","guid":{"rendered":"https:\/\/www.europesays.com\/ee\/217666\/"},"modified":"2026-06-30T22:07:17","modified_gmt":"2026-06-30T22:07:17","slug":"politico-pariis-toetab-kallase-rolli-tugevdamist-berliin-eelistab-karpimist-valismaa","status":"publish","type":"post","link":"https:\/\/www.europesays.com\/ee\/217666\/","title":{"rendered":"Politico: Pariis toetab Kallase rolli tugevdamist, Berliin eelistab k\u00e4rpimist | V\u00e4lismaa"},"content":{"rendered":"<p>V\u00e4ljaandega r\u00e4\u00e4kinud kolme ametniku s\u00f5nul soovib Prantsusmaa tugevdada EL-i v\u00e4lisasjade k\u00f5rge esindaja rolli, kellena t\u00f6\u00f6tab praegu Kaja Kallas. Saksamaa seisukoht on palju ebaselgem, kuid m\u00f5ned Berliini ametnikud on k\u00e4inud v\u00e4lja vastupidise m\u00f5tte: Kallase volitusi tuleks hoopis k\u00e4rpida ja anda need \u00fcle Euroopa Komisjonile.<\/p>\n<p>Valitsuste ja EL-i k\u00f5rgeimate ametnike seas valitseb tunne, et miski peab v\u00e4listeenistuse (EEAS) kohapealt muutuma, kuid pole selge, mis t\u00e4pselt.<\/p>\n<p>&#8220;K\u00f5igepealt tuleb selgeks teha, kes mida teeb,&#8221; \u00fctles Kallase eelk\u00e4ija Josep Borrell. &#8220;Selleks et EL saaks maailmas end kindlamalt kehtestada, peavad institutsioonide rollid olema selged&#8230; Sest kui pole teada, kes mille eest vastutab, ei saa loota ka m\u00f5jukusele.&#8221;<\/p>\n<p>Peaaegu k\u00f5ik Politico allikad n\u00f5ustuvad, et olukord on kiireloomuline: USA ja Hiina kasutavad oma huvide edendamiseks \u00fcha enam vahendeid alates kaubandus- ja t\u00f6\u00f6stuspoliitikast kuni tehnoloogiani, kuid EL-i poliitika kujundamine on endiselt killustunud. Kuigi v\u00e4listeenistus juhib v\u00e4lis- ja julgeolekupoliitikat, kontrollib Euroopa Komisjon paljusid j\u00f5uhoobasid ja rahalisi vahendeid, mida on vaja EL-i m\u00f5ju avaldamiseks v\u00e4lismaal.<\/p>\n<p>Kuigi suurtest muudatustest r\u00e4\u00e4gitakse reeglina suletud uste taga, leiab just Prantsusmaa, et on aeg sel teemal avalikku arutelu pidada.<\/p>\n<p>Prantsusmaa pooldab v\u00e4listeenistuse rolli tugevdamist<\/p>\n<p>Prantsusmaa on oma eelistuses juba kokku leppinud. Kolme ametniku ja Politico poolt n\u00e4htud aruteludokumendi kohaselt soovib Pariis laiendada v\u00e4listeenistuse juhi volitusi.<\/p>\n<p>Sellele aitab kaasa ka asjaolu, et praegune v\u00e4lisasjade k\u00f5rge esindaja Kaja Kallas kuulub tsentristlikku poliitilisse \u00fchendusse Renew \u2013 samasse Euroopa tasandi parteisse, kus on Prantsusmaa president Emmanuel Macron. Pariis toetas tugevalt Kallase ametisse nimetamist ka 2024. aastal.<\/p>\n<p>Suund tugevdada v\u00e4listeenistuse rolli on kogunud hoogu juba m\u00f5nda aega. Kui Prantsuse v\u00e4lisminister Jean-No\u00ebl Barrot esines m\u00e4rtsis v\u00e4listeenistuse suursaadikute aastakonverentsil, avaldas ta Kallasele toetust. \u00dche EL-i ja \u00fche Prantsuse ametniku s\u00f5nul kinnitas minister seda toetust ka kohtumisel Kallasega Pariisis 12. juunil.<\/p>\n<p>&#8220;Prantsusmaa toetab v\u00e4listeenistuse tugevdamist ja ministri seisukoht ei ole muutunud ajast, mil ta suursaadikute konverentsil selle n\u00f5rgestamise vastu s\u00f5na v\u00f5ttis,&#8221; \u00fctles veel \u00fcks Prantsuse ametnik.<\/p>\n<p>Mida see praktikas t\u00e4hendab ja kas teised olulised pealinnad, eriti Berliin, seda ettepanekut l\u00f5puks toetavad, on lahtine k\u00fcsimus, r\u00f5hutab Politico.<\/p>\n<p>Kui v\u00e4listeenistus loodi, panustas tuumarelva omav Prantsusmaa sellesse palju. Asutuse peasekret\u00e4riks l\u00e4hetas Pariis endise Washingtoni suursaadiku ja Euroopa diplomaatia veterani Pierre Vimont.\u00a0<\/p>\n<p>M\u00e4rgina Pariisi j\u00e4tkuvast panustamisest v\u00e4listeenistusse teatas Prantsusmaa eelmisel n\u00e4dalal, et Prantsuse v\u00e4lisministeeriumi raskekaallane David Cvach saab kaitsek\u00fcsimuste eest vastutavaks asepeasekret\u00e4riks. Selline samm v\u00f5imaldab Pariisil s\u00e4ilitada olulise ametikoha ning \u00fchtlasi tugevdada NATO ja EL-i vahelisi sidemeid.<\/p>\n<p>Prantsuse v\u00f5imud on muudatuste tempo osas erinevatel seisukohtadel. Macroni valitsusel on kiire institutsioonide kindlustamisega enne j\u00e4rgmise aasta presidendivalimisi, mis v\u00f5ivad arvamusk\u00fcsitluste kohaselt tuua v\u00f5imule euroskeptikud Jordan Bardella v\u00f5i Marine Le Peni. Prantsuse aruteludokumendis pakutakse v\u00e4lja ajakava, mis viidaks l\u00f5pule enne 2027. aasta valimisi.<\/p>\n<p>Samas soovib Pariis globaalse ebakindluse, eriti Ukraina s\u00f5ja ja Hormuzi v\u00e4ina konflikti t\u00f5ttu v\u00e4ltida EL-i diplomaatilise haru destabiliseerimist, m\u00e4rkis \u00fcks konfidentsiaalsete aruteludega kursis olev Prantsuse ametnik.<\/p>\n<p>Vastakad signaalid Saksamaalt<\/p>\n<p>Saksamaa soovid on v\u00e4hem selged eelk\u00f5ige sealse valitsuse olemuse t\u00f5ttu, mis kujutab endast liidukantsler Friedrich Merzi tsentristlik-parempoolsete kristlike demokraatide ja tsentristlik-vasakpoolsete sotsiaaldemokraatide koalitsiooni.<\/p>\n<p>&#8220;Berliinil puudub \u00fchtne v\u00e4lispoliitiline visioon,&#8221; \u00fctles Euroopa Parlamendi v\u00e4liskomisjoni kuuluv Saksa roheliste eurosaadik Hannah Neumann, kelle erakond on Berliinis opositsioonis. &#8220;Saan ka ise Berliinist vastakaid signaale olenevalt sellest, kellega r\u00e4\u00e4gin.&#8221;<\/p>\n<p>Kindel n\u00e4ib aga see, et Saksamaa soovib struktuurseid muudatusi EL-i v\u00e4lispoliitika t\u00f5hustamiseks, arvatavasti Euroopa Komisjoni volituste suurendamise kaudu, kinnitasid kaks Politicoga r\u00e4\u00e4kinud diplomaati p\u00e4rast arutelusid oma Saksa kolleegidega.<\/p>\n<p>Saksa valitsuse esindaja Br\u00fcsselis keeldus kommentaaridest.<\/p>\n<p>&#8220;V\u00e4lis- ja julgeolekupoliitika \u00fclesanded Br\u00fcsselis peavad olema nii selgelt piiritletud kui ka koondatud,&#8221; \u00fctles Saksamaa v\u00e4lisminister Johann Wadephul mais peetud k\u00f5nes. &#8220;Selleks tuleb Euroopa Liidu v\u00e4listeenistus Euroopa Komisjoniga tihedalt l\u00f5imida,&#8221; lisas ta.<\/p>\n<p>Samas k\u00f5nes kutsus Wadephul \u00fcles langetama v\u00e4lispoliitilisi otsuseid kiiremini, kasutades \u00fcheh\u00e4\u00e4lsuse asemel kvalifitseeritud h\u00e4\u00e4lteenamust. Ta m\u00f6\u00f6nis, et isegi mitte pool EL-i 27 liikmesriigist pole sellega n\u00f5us, ning lubas asja edendamiseks &#8220;p\u00f6\u00f6rduda k\u00f5igi liikmesriikide, sealhulgas nende poole, kes j\u00e4\u00e4vad skeptiliseks.<\/p>\n<p>Kolm v\u00f5imalikku mudelit<\/p>\n<p>Diplomaatide s\u00f5nul peavad muudatuste elluviimiseks nendega n\u00f5ustuma EL-i liidrid \u2013 seda eeldatavasti p\u00e4rast seda, kui Kallas ise on vastava ettepaneku esitanud. Protsess peaks l\u00f5pule j\u00f5udma enne Prantsusmaa valimisi aprillis. EL-i v\u00e4lisministrid alustavad k\u00fcsimuse arutamist septembri alguses Iirimaa idaranniku linnas Wicklow&#8217;s.<\/p>\n<p>Prantsusmaa aruteludokument, mida ametnikud ja diplomaadid kirjeldavad kui algfaasis olevat paberit stsenaariumide kaardistamiseks, esitab valikud EL-i v\u00e4lispoliitilise arhitektuuri reformimiseks.<\/p>\n<p>Dokumendis leitakse, et \u00fchenduse v\u00e4lispoliitilisi hoobasid &#8220;ei kasutata tingimata optimaalselt&#8221; ja kutsutakse \u00fcles tugevdama pealinnu esindava \u00fclemkogu rolli nende juhtimises.\u00a0<\/p>\n<p>Kahelehek\u00fcljelises dokumendis visandatakse kolm v\u00f5imalikku mudelit: Euroopa Komisjonile suuremate volituste andmine, v\u00e4listeenistuse nihutamine \u00fclemkogule l\u00e4hemale v\u00f5i m\u00f5lema institutsiooni samaaegne tugevdamine.<\/p>\n<p>Kolmanda variandi kohaselt saaks Kallas Euroopa Komisjonis m\u00e4rgatavalt suurema v\u00f5imu. Temast saaks esimene juhtiv asepresident, kelle alluvusse kuuluksid volinikud ja peadirektoraadid, mis vastutavad selliste valdkondade eest nagu v\u00e4lisasjad, kaubandus ja arengukoost\u00f6\u00f6.<\/p>\n<p>Dokumendi kohaselt v\u00f5iks viimane mudel, mis on diplomaatide ja anal\u00fc\u00fctikute s\u00f5nul Pariisi eelistus, osutuda vastuv\u00f5etavaks ka Euroopa Komisjonile. Ometi v\u00f5ib see kujuneda keeruliseks, arvestades Kallase ja komisjoni presidendi Ursula von der Leyeni keerulisi suhteid.<\/p>\n<p>Prantslased ei soovi von der Leyeni rolli tugevnemist<\/p>\n<p>Prantslased ei soovi anda von der Leyenile rohkem v\u00f5imu, \u00fctles Pariisis asuva m\u00f5ttekoja Jacques Delors&#8217;i Instituudi teadur Guillaume Duval, kes oli varem Borrelli k\u00f5nekirjutaja.<\/p>\n<p>Prantsusmaa soovib &#8220;selget hierarhilist struktuuri Euroopa Komisjoni sees,&#8221; s\u00f5nas Duval.<\/p>\n<p>&#8220;Pariisi jaoks on p\u00f5hik\u00fcsimus saada komisjoni sisse v\u00e4ga tugev v\u00e4lisasjade ja julgeolekupoliitika asepresident,&#8221; \u00fctles ta. &#8220;Oleks loogiline, kui v\u00e4listeenistusest saaks \u00fcks komisjoni peadirektoraatidest, mida ei juhi mitte komisjoni president, vaid k\u00f5rge esindaja komisjoni asepresidendina ja \u00fchtlasi \u00fclemkogu liikmena.&#8221;<\/p>\n<p>Kallas t\u00e4idab juba praegu kahte rolli: ta on nii Euroopa Komisjoni asepresident kui ka EL-i v\u00e4lis- ja kaitseministrite kohtumiste eesistuja. Praktikas aga ei ole k\u00f5rgel esindajal teiste volinike \u00fcle tegelikku v\u00f5imu, v\u00e4itis Duval.<\/p>\n<p>Ta t\u00f5i n\u00e4iteks eelmise komisjoni koosseisu. Borrelli ametiajal v\u00f5ttis toonane laiendusvolinik Oliv\u00e9r V\u00e1rhelyi Iisraeli-poliitikas juhtrolli ning tegi, mida tahtis, Borrelliga n\u00f5u pidamata. Kui Borrell kaebas, oli V\u00e1rhelyil von der Leyeni toetus.\u00a0<\/p>\n<p>Kelle k\u00e4es on rahakott<\/p>\n<p>M\u00f5ned muudatused EL-i v\u00e4lispoliitika toimimises on juba vaikselt aset leidnud. Kuna von der Leyen on pikka aega n\u00f5udnud &#8220;geopoliitilisemat&#8221; komisjoni, on v\u00e4listeenistuse loomisel 2010. aastal tehtud kompromiss surve all. Pandeemia ajal n\u00e4itas von der Leyen, et suudab komisjoni rolli laiendada, koordineerides \u00fchenduse vaktsiinioste.<\/p>\n<p>Euroopa Komisjonile veelgi suurema v\u00e4lispoliitilise rolli andmine t\u00e4hendaks selle suuna j\u00e4tkamist.<\/p>\n<p>Osa sellest saavutataks lihtsalt v\u00e4listeenistuse rahastuse v\u00e4hendamise teel, nentis Politico.<\/p>\n<p>Kuigi v\u00e4listeenistus vastutab suure osa EL-i v\u00e4lis- ja julgeolekupoliitika eest, asuvad rahalised vahendid suures osas mujal. V\u00e4listeenistuse ligi 900 miljoni euro suurune eelarve on suunatud peamiselt halduskuludeks, nagu personal, hooned ja EL-i esindused v\u00e4lismaal. Seevastu arenguprogrammid saavad umbes 11 miljardit eurot, kuid kuuluvad l\u00f5puks Euroopa Komisjoni p\u00e4devusse.<\/p>\n<p>Ehkki oleks liialdus seostada k\u00f5iki v\u00e4listeenistuse struktuuri vigu isikutega, r\u00f5hutavad diplomaadid nende seost. K\u00f5ik neli poliitikut, kes on v\u00e4listeenistuse loomisest saadik k\u00f5rge esindaja ametit pidanud \u2013 Briti Catherine Ashton, Itaalia Federica Mogherini, Hispaania Josep Borrell ja praegune esindaja Kaja Kallas \u2013, on selles s\u00fcsteemis navigeerida p\u00fc\u00fcdes saanud tugeva kriitika osaliseks.<\/p>\n<p>Mitme diplomaadi s\u00f5nul muudavad Kallase eksisammud \u2013 sealhulgas \u00fctlus, et &#8220;<a href=\"https:\/\/www.err.ee\/1609619267\/err-brusselis-kallase-sonul-vajab-vaba-maailm-uut-liidrit\" rel=\"nofollow noopener\" target=\"_blank\">vaba maailm vajab uut liidrit<\/a>&#8221; \u2013 valitsustele tema rolli tugevdamise poolt argumenteerimise keerulisemaks.<\/p>\n<p>Teised ametnikud on aga Kallasele ette heitnud, et ta l\u00e4heneb t\u00f6\u00f6le liialt nagu peaminister, suutmata kohanduda Br\u00fcsseli institutsiooniliste piirangutega.<\/p>\n<p>&#8220;\u00dcleminek riigi ja s\u00fcsteemi esinumbri kohalt \u00fcheks paljudest komisjoni asepresidentidest ei pruugi olla k\u00f5ige lihtsam,&#8221; m\u00e4rkis Londonis, Br\u00fcsselis ja Berliinis tegutseva m\u00f5ttekoja Center for European Reform asejuht Ian Bond.<\/p>\n","protected":false},"excerpt":{"rendered":"V\u00e4ljaandega r\u00e4\u00e4kinud kolme ametniku s\u00f5nul soovib Prantsusmaa tugevdada EL-i v\u00e4lisasjade k\u00f5rge esindaja rolli, kellena t\u00f6\u00f6tab praegu Kaja Kallas.&hellip;\n","protected":false},"author":2,"featured_media":217667,"comment_status":"","ping_status":"","sticky":false,"template":"","format":"standard","meta":{"footnotes":"","_share_on_mastodon":"0"},"categories":[80],"tags":[26,27,117,13105,37,18890,33,35,2194,34,36,2337,28188,590,31,32,3055,21,28236,1639,28,29,95,19,25,52,51,23,24,22,3943,20,5843,30,92,93,94],"class_list":["post-217666","post","type-post","status-publish","format-standard","has-post-thumbnail","category-maailm","tag-breaking-news","tag-breakingnews","tag-brussel","tag-diplomaatia","tag-ee","tag-eeas","tag-eesti","tag-eesti-keel","tag-emmanuel-macron","tag-estonia","tag-estonian","tag-euroopa-komisjon","tag-euroopa-liidu-valisteenistus","tag-euroopa-liit","tag-featured-news","tag-featurednews","tag-geopoliitika","tag-headlines","tag-josep-borrell","tag-kaja-kallas","tag-latest-news","tag-latestnews","tag-maailm","tag-news","tag-populaarseimad-lood","tag-prantsusmaa","tag-saksamaa","tag-top-stories","tag-topstories","tag-uldised-uudised","tag-ursula-von-der-leyen","tag-uudised","tag-valispoliitika","tag-viimased-uudised","tag-world","tag-world-news","tag-worldnews"],"share_on_mastodon":{"url":"","error":"Validation failed: Text character limit of 500 exceeded"},"_links":{"self":[{"href":"https:\/\/www.europesays.com\/ee\/wp-json\/wp\/v2\/posts\/217666","targetHints":{"allow":["GET"]}}],"collection":[{"href":"https:\/\/www.europesays.com\/ee\/wp-json\/wp\/v2\/posts"}],"about":[{"href":"https:\/\/www.europesays.com\/ee\/wp-json\/wp\/v2\/types\/post"}],"author":[{"embeddable":true,"href":"https:\/\/www.europesays.com\/ee\/wp-json\/wp\/v2\/users\/2"}],"replies":[{"embeddable":true,"href":"https:\/\/www.europesays.com\/ee\/wp-json\/wp\/v2\/comments?post=217666"}],"version-history":[{"count":0,"href":"https:\/\/www.europesays.com\/ee\/wp-json\/wp\/v2\/posts\/217666\/revisions"}],"wp:featuredmedia":[{"embeddable":true,"href":"https:\/\/www.europesays.com\/ee\/wp-json\/wp\/v2\/media\/217667"}],"wp:attachment":[{"href":"https:\/\/www.europesays.com\/ee\/wp-json\/wp\/v2\/media?parent=217666"}],"wp:term":[{"taxonomy":"category","embeddable":true,"href":"https:\/\/www.europesays.com\/ee\/wp-json\/wp\/v2\/categories?post=217666"},{"taxonomy":"post_tag","embeddable":true,"href":"https:\/\/www.europesays.com\/ee\/wp-json\/wp\/v2\/tags?post=217666"}],"curies":[{"name":"wp","href":"https:\/\/api.w.org\/{rel}","templated":true}]}}