{"id":217708,"date":"2026-06-30T23:37:17","date_gmt":"2026-06-30T23:37:17","guid":{"rendered":"https:\/\/www.europesays.com\/ee\/217708\/"},"modified":"2026-06-30T23:37:17","modified_gmt":"2026-06-30T23:37:17","slug":"michal-kommenteerib-nuud-terrase-prohmakat","status":"publish","type":"post","link":"https:\/\/www.europesays.com\/ee\/217708\/","title":{"rendered":"Michal kommenteerib n\u00fc\u00fcd Terrase prohmakat"},"content":{"rendered":"<p>T\u00e4psemalt n\u00e4eb Hendrik Johannes Terrase (Eesti 200) juhitud regionaal- ja p\u00f5llumajandusministeeriumi v\u00e4ljat\u00f6\u00f6tatud m\u00e4\u00e4rus ette, et alates 1. juulist peavad \u00fcle 0,5-hektarise p\u00f5llu v\u00f5i \u00fcle 100 m\u00b2 kasvuhoonega v\u00e4iketootjad oma tegevuse registreerima p\u00f5llumajandus- ja toiduametis ning saavad iga 3\u20135 aasta tagant kontrollametnikke v\u00f5\u00f5rustada. Kui ministeerium seda uut n\u00f5udmist 22. juunil tutvustas, oli seal kirjas t\u00e4pselt nii, et kui kasvatad midagi 0,5 hektarist suuremal alal, l\u00e4heb teavitusn\u00f5ue k\u00e4iku. Hiljem r\u00e4\u00e4kis ministeerium, et nii see polnud m\u00f5eldud ja oma tarbeks v\u00f5ib kasvada nii suurel maa-alal kui vaja, lihtsalt midagi kellelegi m\u00fc\u00fca ei tohi. M\u00fc\u00fcgist ja perele kasvatamisest polnud aga nende esialgses teates juttu. Ministeerium p\u00f5hjendab muudatust vajadusega tagada parem toiduohutus ning viia Eesti regulatsioon koosk\u00f5lla Euroopa Liidu h\u00fcgieenin\u00f5uetega, kuigi artikli j\u00e4rgi selliseid konkreetseid n\u00f5udeid ELi m\u00e4\u00e4rustes ei leidu.<\/p>\n","protected":false},"excerpt":{"rendered":"T\u00e4psemalt n\u00e4eb Hendrik Johannes Terrase (Eesti 200) juhitud regionaal- ja p\u00f5llumajandusministeeriumi v\u00e4ljat\u00f6\u00f6tatud m\u00e4\u00e4rus ette, et alates 1. juulist&hellip;\n","protected":false},"author":2,"featured_media":217709,"comment_status":"","ping_status":"","sticky":false,"template":"","format":"standard","meta":{"footnotes":"","_share_on_mastodon":"0"},"categories":[5],"tags":[26,27,4559,37,33,35,34,36,31,32,21,646,28,29,19,89083,25,31365,23,24,22,20,30],"class_list":["post-217708","post","type-post","status-publish","format-standard","has-post-thumbnail","category-uldised-uudised","tag-breaking-news","tag-breakingnews","tag-burokraatia","tag-ee","tag-eesti","tag-eesti-keel","tag-estonia","tag-estonian","tag-featured-news","tag-featurednews","tag-headlines","tag-kristen-michal","tag-latest-news","tag-latestnews","tag-news","tag-peenramaa-seadus","tag-populaarseimad-lood","tag-toiduohutus","tag-top-stories","tag-topstories","tag-uldised-uudised","tag-uudised","tag-viimased-uudised"],"share_on_mastodon":{"url":"https:\/\/pubeurope.com\/@ee\/116841692691036711","error":""},"_links":{"self":[{"href":"https:\/\/www.europesays.com\/ee\/wp-json\/wp\/v2\/posts\/217708","targetHints":{"allow":["GET"]}}],"collection":[{"href":"https:\/\/www.europesays.com\/ee\/wp-json\/wp\/v2\/posts"}],"about":[{"href":"https:\/\/www.europesays.com\/ee\/wp-json\/wp\/v2\/types\/post"}],"author":[{"embeddable":true,"href":"https:\/\/www.europesays.com\/ee\/wp-json\/wp\/v2\/users\/2"}],"replies":[{"embeddable":true,"href":"https:\/\/www.europesays.com\/ee\/wp-json\/wp\/v2\/comments?post=217708"}],"version-history":[{"count":0,"href":"https:\/\/www.europesays.com\/ee\/wp-json\/wp\/v2\/posts\/217708\/revisions"}],"wp:featuredmedia":[{"embeddable":true,"href":"https:\/\/www.europesays.com\/ee\/wp-json\/wp\/v2\/media\/217709"}],"wp:attachment":[{"href":"https:\/\/www.europesays.com\/ee\/wp-json\/wp\/v2\/media?parent=217708"}],"wp:term":[{"taxonomy":"category","embeddable":true,"href":"https:\/\/www.europesays.com\/ee\/wp-json\/wp\/v2\/categories?post=217708"},{"taxonomy":"post_tag","embeddable":true,"href":"https:\/\/www.europesays.com\/ee\/wp-json\/wp\/v2\/tags?post=217708"}],"curies":[{"name":"wp","href":"https:\/\/api.w.org\/{rel}","templated":true}]}}