{"id":217730,"date":"2026-07-01T02:17:10","date_gmt":"2026-07-01T02:17:10","guid":{"rendered":"https:\/\/www.europesays.com\/ee\/217730\/"},"modified":"2026-07-01T02:17:10","modified_gmt":"2026-07-01T02:17:10","slug":"see-on-vist-koige-lollim-viis-kuidas-albumit-teha-kalli-talonpoika-ei-soovita-kellelgi-teha-mis-tema-tegi","status":"publish","type":"post","link":"https:\/\/www.europesays.com\/ee\/217730\/","title":{"rendered":"\u201eSee on vist k\u00f5ige lollim viis, kuidas albumit teha.\u201c Kalli Talonpoika ei soovita kellelgi teha, mis tema tegi"},"content":{"rendered":"<p>Saame Kalliga kokku Seewaldi l\u00e4hedal, keset Hipodroomi ristmiku ehitushullust. Elame m\u00f5lemad samas kandis, teineteisest vaid paari peatuse kaugusel. Kunagi aga lausa k\u00f5rvuti t\u00e4navatel. Tunneme \u00fcksteist 2023. aasta suvest, kui loetud kuid eksisteeris veel Raadio 2 vana hea \u00f5htune v\u00f6\u00f6nd ja Kalli oli just jaamas produtsendina t\u00f6\u00f6le hakanud. Praegu tundub viimane hetk maha istuda, sest viimase aastaga oleme j\u00e4\u00e4nud pigem kaugeks. Juba on vihjeid, et see k\u00f5ik on sellesama albumi p\u00e4rast.<\/p>\n<p>Selge on, et kuhugi kohvikusse me intervjuud tegema ei l\u00e4he. Ka Tallinna pungiskeene keskus, \u00dclase 12 on liiga tiheda l\u00e4bik\u00e4imisega, et seal rahus maha istuda. Sukeldume hoopis v\u00e4ikest peidus jalgteed pidi Stroomi parkmetsa. L\u00e4bi veel vihmast niiske tihniku, v\u00f5sa ja rinnuni ulatuva muru k\u00fcmmekond minutit ekseldes ilmutab \u00fchel hetkel end puude vahel nagu tellituna \u00fcks plats. Seal v\u00f5is eelmisel p\u00e4eval p\u00f5leda jaanil\u00f5ke, aga v\u00f5idi riituse k\u00e4igus ohverdada ka m\u00f5ni loom. Tundub, et kohe naaseb siia p\u00f5uet\u00e4ie n\u00f5gestega m\u00f5ni l\u00e4bip\u00f5lemise eest p\u00f5genev millenniaal, et onn l\u00f5puni ehitada ja pott tulele s\u00e4ttida. <\/p>\n<p>Siin on t\u00e4pselt \u00f5ige. Siin hammustavad s\u00e4\u00e4sed, sumisevad mesilased ja kukuvad poltergeistina k\u00f5rgelt puudelt aeg-ajalt nina ette k\u00e4bid. Varsti saan ka aru, miks just liginev linnusirin v\u00e4hemalt korra Kalli keset juttu eriti pikalt m\u00f5ttesse j\u00e4tab.<\/p>\n<p>Oled juba tellija?Logi sisse<\/p>\n<p><a href=\"https:\/\/kultuur.delfi.ee\/artikkel\/120593967\/see-on-vist-koige-lollim-viis-kuidas-albumit-teha-kalli-talonpoika-ei-soovita-kellelgi-teha-mis-tema-tegi\/kommentaarid\" class=\"article-body-bottom__comment article-body-bottom__comment--write button button--primary button--size-auto\" rel=\"nofollow noopener\" target=\"_blank\"> Kommenteeri <\/a><a href=\"https:\/\/kultuur.delfi.ee\/artikkel\/120593967\/see-on-vist-koige-lollim-viis-kuidas-albumit-teha-kalli-talonpoika-ei-soovita-kellelgi-teha-mis-tema-tegi\/kommentaarid\" class=\"article-body-bottom__comment article-body-bottom__comment--read button button--size-auto\" rel=\"nofollow noopener\" target=\"_blank\"> Loe kommentaare <\/a><\/p>\n","protected":false},"excerpt":{"rendered":"Saame Kalliga kokku Seewaldi l\u00e4hedal, keset Hipodroomi ristmiku ehitushullust. Elame m\u00f5lemad samas kandis, teineteisest vaid paari peatuse kaugusel.&hellip;\n","protected":false},"author":2,"featured_media":217731,"comment_status":"","ping_status":"","sticky":false,"template":"","format":"standard","meta":{"footnotes":"","_share_on_mastodon":"0"},"categories":[16],"tags":[89087,37,33,35,173,34,36,89086,140,144,2841],"class_list":["post-217730","post","type-post","status-publish","format-standard","has-post-thumbnail","category-meelelahutus","tag-avemaria","tag-ee","tag-eesti","tag-eesti-keel","tag-entertainment","tag-estonia","tag-estonian","tag-kalli-talonpoika","tag-meelelahutus","tag-muusika","tag-skoone"],"share_on_mastodon":{"url":"https:\/\/pubeurope.com\/@ee\/116842321826737639","error":""},"_links":{"self":[{"href":"https:\/\/www.europesays.com\/ee\/wp-json\/wp\/v2\/posts\/217730","targetHints":{"allow":["GET"]}}],"collection":[{"href":"https:\/\/www.europesays.com\/ee\/wp-json\/wp\/v2\/posts"}],"about":[{"href":"https:\/\/www.europesays.com\/ee\/wp-json\/wp\/v2\/types\/post"}],"author":[{"embeddable":true,"href":"https:\/\/www.europesays.com\/ee\/wp-json\/wp\/v2\/users\/2"}],"replies":[{"embeddable":true,"href":"https:\/\/www.europesays.com\/ee\/wp-json\/wp\/v2\/comments?post=217730"}],"version-history":[{"count":0,"href":"https:\/\/www.europesays.com\/ee\/wp-json\/wp\/v2\/posts\/217730\/revisions"}],"wp:featuredmedia":[{"embeddable":true,"href":"https:\/\/www.europesays.com\/ee\/wp-json\/wp\/v2\/media\/217731"}],"wp:attachment":[{"href":"https:\/\/www.europesays.com\/ee\/wp-json\/wp\/v2\/media?parent=217730"}],"wp:term":[{"taxonomy":"category","embeddable":true,"href":"https:\/\/www.europesays.com\/ee\/wp-json\/wp\/v2\/categories?post=217730"},{"taxonomy":"post_tag","embeddable":true,"href":"https:\/\/www.europesays.com\/ee\/wp-json\/wp\/v2\/tags?post=217730"}],"curies":[{"name":"wp","href":"https:\/\/api.w.org\/{rel}","templated":true}]}}