{"id":217776,"date":"2026-07-01T04:10:17","date_gmt":"2026-07-01T04:10:17","guid":{"rendered":"https:\/\/www.europesays.com\/ee\/217776\/"},"modified":"2026-07-01T04:10:17","modified_gmt":"2026-07-01T04:10:17","slug":"afd-juht-saksamaa-peaks-taastama-koostoo-venemaaga-valismaa","status":"publish","type":"post","link":"https:\/\/www.europesays.com\/ee\/217776\/","title":{"rendered":"AfD juht: Saksamaa peaks taastama koost\u00f6\u00f6 Venemaaga | V\u00e4lismaa"},"content":{"rendered":"<p>Saksamaa parempopulistliku erakonna Alternatiiv Saksamaale (AfD) juht Alice Weidel \u00fctles Reutersile, et riik peaks taastama Venemaa nafta ja gaasi impordi.<\/p>\n<p>Weideli s\u00f5nul v\u00f5ib AfD l\u00e4hikuudel v\u00f5ita kahed olulised liidumaade valimised. Ta nimetas neid verstapostiks teel kantsleriks saamisel hiljemalt 2029. aasta \u00fcleriigilistel valimistel.<\/p>\n<p>&#8220;Odav energia Venemaalt oli &#8220;Made in Germany&#8221; edu saladus. Vajame seda tagasi,&#8221; s\u00f5nas Weidel.<\/p>\n<p>&#8220;Sellest energiast ilmaj\u00e4\u00e4mine on meid ajas aastaid tagasi paisanud. Kadunud on sadu tuhandeid t\u00f6\u00f6kohti. Oleme muutunud s\u00f5ltuvaks Ameerika \u00dchendriikidest, kes m\u00fc\u00fcb meile energiat palju kallimalt,&#8221; lausus ta.<\/p>\n<p>Enne sanktsioone, mis kehtestati p\u00e4rast Moskva sissetungi Ukrainasse 2022. aastal, tarnis Venemaa enam kui kolmandiku Saksamaale imporditavast toornaftast ja \u00fcle poole maagaasist.<\/p>\n<p>Samuti on Saksamaal olnud raskusi taastumisega \u0161okist, mille p\u00f5hjustas Nord Streami gaasitoru sulgemine 2022. aastal ja sellele j\u00e4rgnenud plahvatused.<\/p>\n<p>J\u00e4rgnenud energiahindade h\u00fcppelisest t\u00f5usust r\u00e4situd riigi t\u00f6\u00f6stus on endiselt madalseisus. Olukorda muudab veelgi s\u00fcngemaks autotootja Volkswageni plaan koondada kuni 100 000 t\u00f6\u00f6tajat.<\/p>\n<p>Reuters m\u00e4rgib, et Weideli s\u00f5nav\u00f5tt toob esile v\u00f5imalikud m\u00f5rad l\u00e4\u00e4ne \u00fchtsuses Ukraina toetamisel. Kuigi Saksamaa praegune valitsus toetab Ukrainat, on elanikkond selles k\u00fcsimuses rohkem l\u00f5hestunud.<\/p>\n<p>Weidel esines nende avaldustega enne septembris toimuvaid valimisi kahel olulisel Ida-Saksamaa liidumaal, Saksi-Anhaltis ja Mecklenburg-Vorpommernis, kus AfD juhib arvamusk\u00fcsitlusi.<\/p>\n<p>Kui AfD peaks v\u00f5imule tulema, hakkaksid uued liidumaade valitsused vaidlustama Berliini r\u00e4ndepoliitikat, mis on nende s\u00f5nul liiga helde, ning keelduksid kandmast kohalikele omavalitsustele langevat finantskoormust. See p\u00f6\u00f6raks pea peale Saksamaa konsensusele rajatud valitsemismudeli ja annaks AfD-le v\u00f5imaliku h\u00fcppelaua riigiv\u00f5imuni.<\/p>\n<p>&#8220;Saksi-Anhalt ja Mecklenburg-Vorpommern on otsustavad verstapostid,&#8221; m\u00e4rkis Weidel. &#8220;Kui v\u00f5idame Saksi-Anhaltis, j\u00e4rgneb t\u00f5en\u00e4oliselt ka Mecklenburg-Vorpommern. N\u00e4en AfD-d kantsleriametis kas j\u00e4rgmistel v\u00f5i \u00fclej\u00e4rgmistel valimistel.&#8221;<\/p>\n<p>Peavoolu erakondadele, nagu kantsler Friedrich Merzi juhitavad kristlikud demokraadid (CDU), kes on v\u00e4listanud koost\u00f6\u00f6 AfD-ga, annaks parempopulistliku erakonna v\u00f5it Saksi-Anhaltis tugeva hoobi niinimetatud koalitsioonide tulem\u00fc\u00fcrile, mille eesm\u00e4rk on hoida AfD v\u00f5imult eemal.<\/p>\n<p>Energiakulud ja lootus saada odavamat Venemaa energiat v\u00f5ivad aga valijaid k\u00f5netada.<\/p>\n<p>Saksamaa suhted Venemaaga omavad suuremat kaalu riigi idaosas, mis oli N\u00f5ukogude v\u00f5imu all kuni Berliini m\u00fc\u00fcri langemiseni enam kui 35 aastat tagasi. Paljud sealsed elanikud suhtuvad Venemaasse pooldavalt ning on kriitilised Saksamaa s\u00f5jalise liitlase, Ameerika \u00dchendriikide suhtes.<\/p>\n<p>Weideli avaldused Venemaa teemal k\u00f5lasid p\u00e4rast seda, kui AfD juhtivpoliitik Markus Frohnmaier k\u00fclastas sel kuul Venemaad. Frohnmaier kohtus Venemaa energiahiiu Gazpromi juhi Aleksei Milleriga ning kutsus \u00fcles Nord Streami gaasijuhet taasavama.<\/p>\n<p>Frohnmaier t\u00f5rjus oma reisi suunas tehtud kriitikat, m\u00e4rkides, et tema andmetel uurivad USA investorid Nord Streami trassi taasavamist \u2013 sammu, mis v\u00f5ib t\u00e4hendada, et Saksamaal tuleb Venemaa gaasi tarbimise eest tasu maksta.<\/p>\n<p>&#8220;Peame Saksamaal olema ettevaatlikud, et me ei magaks maha v\u00f5imalust naasta Venemaa turule,&#8221; \u00fctles poliitik Reutersile. &#8220;H\u00e4rra Milleri s\u00f5nul kuluks gaasitarnete taastamiseks kolm kuud.&#8221;<\/p>\n<p>Merzi juhitavate kristlike demokraatide ridadesse kuuluv parlamendiliige Roderich Kiesewetter leidis, et AfD venemeelne hoiak moonutab Saksamaa avalikku arutelu.<\/p>\n<p>&#8220;AfD kasutab Venemaa romantiseerimist \u00e4ra, pidades eelk\u00f5ige silmas eelseisvaid valimisi Ida-Saksamaal,&#8221; lisas Kiesewetter.<\/p>\n<p>Weidel l\u00fckkas tagasi ka s\u00fc\u00fcdistused, justkui oleks tema erakond \u00e4\u00e4rmuslik \u2013 sellise hinnangu andis erakonnale eelmisel aastal Saksamaa julgeolekuteenistus.<\/p>\n<p>&#8220;See, kuidas me ise end n\u00e4eme, ja see, kuidas poliitilised konkurendid meid hindavad, erinevad teineteisest kardinaalselt,&#8221; s\u00f5nas parteijuht. &#8220;Inimesed nimetavad meid parem\u00e4\u00e4rmuslasteks. Tegelikkuses oleme tavalise inimese erakond. Me ei p\u00f6\u00f6ra k\u00f5ike pea peale, kui v\u00f5imule p\u00e4\u00e4seme.&#8221;<\/p>\n","protected":false},"excerpt":{"rendered":"Saksamaa parempopulistliku erakonna Alternatiiv Saksamaale (AfD) juht Alice Weidel \u00fctles Reutersile, et riik peaks taastama Venemaa nafta ja&hellip;\n","protected":false},"author":2,"featured_media":217777,"comment_status":"","ping_status":"","sticky":false,"template":"","format":"standard","meta":{"footnotes":"","_share_on_mastodon":"0"},"categories":[80],"tags":[12512,31220,26,27,37,33,35,1849,34,36,31,32,21,28,29,95,31223,19,6225,25,51,23,24,22,20,13285,96,30,92,93,94],"class_list":["post-217776","post","type-post","status-publish","format-standard","has-post-thumbnail","category-maailm","tag-afd","tag-alice-weidel","tag-breaking-news","tag-breakingnews","tag-ee","tag-eesti","tag-eesti-keel","tag-energeetika","tag-estonia","tag-estonian","tag-featured-news","tag-featurednews","tag-headlines","tag-latest-news","tag-latestnews","tag-maailm","tag-markus-frohnmaier","tag-news","tag-nord-stream","tag-populaarseimad-lood","tag-saksamaa","tag-top-stories","tag-topstories","tag-uldised-uudised","tag-uudised","tag-vene-gaas","tag-venemaa","tag-viimased-uudised","tag-world","tag-world-news","tag-worldnews"],"share_on_mastodon":{"url":"https:\/\/pubeurope.com\/@ee\/116842766232911788","error":""},"_links":{"self":[{"href":"https:\/\/www.europesays.com\/ee\/wp-json\/wp\/v2\/posts\/217776","targetHints":{"allow":["GET"]}}],"collection":[{"href":"https:\/\/www.europesays.com\/ee\/wp-json\/wp\/v2\/posts"}],"about":[{"href":"https:\/\/www.europesays.com\/ee\/wp-json\/wp\/v2\/types\/post"}],"author":[{"embeddable":true,"href":"https:\/\/www.europesays.com\/ee\/wp-json\/wp\/v2\/users\/2"}],"replies":[{"embeddable":true,"href":"https:\/\/www.europesays.com\/ee\/wp-json\/wp\/v2\/comments?post=217776"}],"version-history":[{"count":0,"href":"https:\/\/www.europesays.com\/ee\/wp-json\/wp\/v2\/posts\/217776\/revisions"}],"wp:featuredmedia":[{"embeddable":true,"href":"https:\/\/www.europesays.com\/ee\/wp-json\/wp\/v2\/media\/217777"}],"wp:attachment":[{"href":"https:\/\/www.europesays.com\/ee\/wp-json\/wp\/v2\/media?parent=217776"}],"wp:term":[{"taxonomy":"category","embeddable":true,"href":"https:\/\/www.europesays.com\/ee\/wp-json\/wp\/v2\/categories?post=217776"},{"taxonomy":"post_tag","embeddable":true,"href":"https:\/\/www.europesays.com\/ee\/wp-json\/wp\/v2\/tags?post=217776"}],"curies":[{"name":"wp","href":"https:\/\/api.w.org\/{rel}","templated":true}]}}