{"id":217840,"date":"2026-07-01T05:57:08","date_gmt":"2026-07-01T05:57:08","guid":{"rendered":"https:\/\/www.europesays.com\/ee\/217840\/"},"modified":"2026-07-01T05:57:08","modified_gmt":"2026-07-01T05:57:08","slug":"aluspukstes-kaamera-ette-naitleja-will-ferrell-poseerib-tosielustaari-kim-kardashiani-firmas-pesumodellina","status":"publish","type":"post","link":"https:\/\/www.europesays.com\/ee\/217840\/","title":{"rendered":"Alusp\u00fckstes kaamera ette! N\u00e4itleja Will Ferrell poseerib t\u00f5sielustaari Kim Kardashiani firmas pesumodellina"},"content":{"rendered":"<p>Ameerika \u00dchendriikide n\u00e4itleja Will Ferrell (58) leidis huvitava viisi, kuidas oma uut <a rel=\"noopener nofollow\" target=\"_blank\" href=\"https:\/\/www.delfi.ee\/teema\/40886413\/netflix\" tag-id=\"40886413\">Netflixi<\/a> kom\u00f6\u00f6diasarja \u201eThe Hawk\u201c reklaamida. Mees m\u00e4ngib sarjas golfim\u00e4ngijat Lonnie Hawkinsit ning selle puhul poseerib t\u00f5sielustaari Kim Kardashiani firmas SKIMS alusp\u00fckste v\u00e4el. <\/p>\n<p>SKIMSi Instagrami kontol jagati n\u00e4itlejast kuute pilti, kus mees kannab aluss\u00e4rki, Hawki nimelist visiirm\u00fctsi, sokke ja alusp\u00fckse. Tema kehastatava tegelaskuju r\u00f5hutamiseks on Willil k\u00e4es ka spordijook ja golfikepp.<\/p>\n<p>SKIMS on 2019. aastal Kim Kardashiani asutatud riidebr\u00e4nd, mis sai alguse kehajooni korrigeerivast pesust. N\u00fc\u00fcdseks on m\u00fc\u00fcgil lisaks vormivale pesule ka \u00fclipehmeid igap\u00e4evariideid, aluspesu, ujumis- ja \u00f6\u00f6riideid nii naistele kui ka meestele. T\u00e4nu geniaalsele turundusele ja megastaaride kaasamisele on SKIMSist saanud \u00fcks maailma m\u00f5jukamaid ja kiiremini kasvavaid moem\u00e4rke.<\/p>\n<p>Will on \u00fcks mitmetest kuulsustest, kes on Kim Kardashiani firmale poseerinud. Nende seas on veel Cardi B, Heidi Klum, Hailey Bieber, Charli XCX ja loomulikult naise \u00f5ed Kylie Jenner ja Kendall Jenner ning Khloe Kardashian. <\/p>\n<p>Kom\u00f6\u00f6diasari \u201eThe Hawk\u201c r\u00e4\u00e4gib 2004. aasta parimast golfim\u00e4ngijast Lonnie Hawkinsist, kelle hiigelajad on ammu m\u00f6\u00f6das, kuid mehe arvates on tal veel lootust. Kuigi vanus ja tervis t\u00f6\u00f6tavad golfim\u00e4ngija vastu ning tema endine abikaasa ja poeg usuvad, et mehe aeg on l\u00e4bi, keeldub Lonnie alla andmast. Ta on kindel, et ajalooline tagasitulek on veel v\u00f5imalik. Sari j\u00f5uab Netflixi 16. juulil. <\/p>\n<p><img decoding=\"async\" src=\"https:\/\/www.europesays.com\/ee\/wp-content\/uploads\/2026\/07\/549def9d-2578-47cb-b3b2-4a6af65d58c2.jpg\" loading=\"lazy\" alt=\"Will Ferrell kom\u00f6\u00f6diasarja &quot;The Hawk&quot; v\u00f5tetel\"\/>Kuidas see lugu Sind end tundma pani? Saada <a href=\"https:\/\/kroonika.delfi.ee\/artikkel\/120594212\/aluspukstes-kaamera-ette-naitleja-will-ferrell-poseerib-tosielustaari-kim-kardashiani-firmas-pesumodellina\/kommentaarid\" class=\"article-body-bottom__comment article-body-bottom__comment--write button button--primary button--size-auto\" rel=\"nofollow noopener\" target=\"_blank\"> Kommenteeri <\/a><a href=\"https:\/\/kroonika.delfi.ee\/artikkel\/120594212\/aluspukstes-kaamera-ette-naitleja-will-ferrell-poseerib-tosielustaari-kim-kardashiani-firmas-pesumodellina\/kommentaarid\" class=\"article-body-bottom__comment article-body-bottom__comment--read button button--size-auto\" rel=\"nofollow noopener\" target=\"_blank\"> Loe kommentaare <\/a><\/p>\n","protected":false},"excerpt":{"rendered":"Ameerika \u00dchendriikide n\u00e4itleja Will Ferrell (58) leidis huvitava viisi, kuidas oma uut Netflixi kom\u00f6\u00f6diasarja \u201eThe Hawk\u201c reklaamida. Mees&hellip;\n","protected":false},"author":2,"featured_media":217841,"comment_status":"","ping_status":"","sticky":false,"template":"","format":"standard","meta":{"footnotes":"","_share_on_mastodon":"0"},"categories":[16],"tags":[37,33,35,173,34,36,11718,140,8577,89108],"class_list":["post-217840","post","type-post","status-publish","format-standard","has-post-thumbnail","category-meelelahutus","tag-ee","tag-eesti","tag-eesti-keel","tag-entertainment","tag-estonia","tag-estonian","tag-kim-kardashian","tag-meelelahutus","tag-netflix","tag-will-ferrell"],"share_on_mastodon":{"url":"https:\/\/pubeurope.com\/@ee\/116843187332846901","error":""},"_links":{"self":[{"href":"https:\/\/www.europesays.com\/ee\/wp-json\/wp\/v2\/posts\/217840","targetHints":{"allow":["GET"]}}],"collection":[{"href":"https:\/\/www.europesays.com\/ee\/wp-json\/wp\/v2\/posts"}],"about":[{"href":"https:\/\/www.europesays.com\/ee\/wp-json\/wp\/v2\/types\/post"}],"author":[{"embeddable":true,"href":"https:\/\/www.europesays.com\/ee\/wp-json\/wp\/v2\/users\/2"}],"replies":[{"embeddable":true,"href":"https:\/\/www.europesays.com\/ee\/wp-json\/wp\/v2\/comments?post=217840"}],"version-history":[{"count":0,"href":"https:\/\/www.europesays.com\/ee\/wp-json\/wp\/v2\/posts\/217840\/revisions"}],"wp:featuredmedia":[{"embeddable":true,"href":"https:\/\/www.europesays.com\/ee\/wp-json\/wp\/v2\/media\/217841"}],"wp:attachment":[{"href":"https:\/\/www.europesays.com\/ee\/wp-json\/wp\/v2\/media?parent=217840"}],"wp:term":[{"taxonomy":"category","embeddable":true,"href":"https:\/\/www.europesays.com\/ee\/wp-json\/wp\/v2\/categories?post=217840"},{"taxonomy":"post_tag","embeddable":true,"href":"https:\/\/www.europesays.com\/ee\/wp-json\/wp\/v2\/tags?post=217840"}],"curies":[{"name":"wp","href":"https:\/\/api.w.org\/{rel}","templated":true}]}}