{"id":217858,"date":"2026-07-01T06:12:09","date_gmt":"2026-07-01T06:12:09","guid":{"rendered":"https:\/\/www.europesays.com\/ee\/217858\/"},"modified":"2026-07-01T06:12:09","modified_gmt":"2026-07-01T06:12:09","slug":"wise-ja-kalev-avaldasid-eesti-lipuvarvides-deebetkaardi-sport","status":"publish","type":"post","link":"https:\/\/www.europesays.com\/ee\/217858\/","title":{"rendered":"Wise ja Kalev avaldasid Eesti lipuv\u00e4rvides deebetkaardi | sport"},"content":{"rendered":"<p>Finantstehnoloogiaettev\u00f5te Wise ja Eesti Spordiselts Kalev toovad Kalevi 125. aastap\u00e4eva ning Wise&#8217;i 15. tegevusaasta t\u00e4histamiseks v\u00e4lja piiratud koguses Eesti lipuv\u00e4rvides Visa deebetkaardi.<\/p>\n<p>Tegemist on esimese spetsiaalselt Eesti klientidele loodud Wise&#8217;i deebetkaardiga, mille kujundus on inspireeritud sinimustvalgest. Kaart on m\u00f5eldud inimestele, kes elavad, t\u00f6\u00f6tavad, \u00f5pivad v\u00f5i reisivad nii Eestis kui ka v\u00e4lismaal. Kaarti saab tellida alates t\u00e4nasest ning seda antakse v\u00e4lja kokku 10 000 eksemplari.<\/p>\n<p>&#8220;Eesti sport on juba aastak\u00fcmneid n\u00e4idanud, et v\u00e4ikesest riigist on v\u00f5imalik j\u00f5uda maailma tippu. Kalev on olnud selle loo oluline osa juba 125 aastat ning meil on hea meel t\u00e4histada seda verstaposti koost\u00f6\u00f6s Wise&#8217;iga \u2013 s\u00fcgavate Eesti juurtega ettev\u00f5ttega, mis on samuti kasvanud maailmatasemel tegijaks,&#8221; \u00fctleb Eesti Spordiseltsi Kalev president Renee Meriste.<\/p>\n<p>Wise&#8217;i rahvusvahelise laienemise juhi Lars Trunini s\u00f5nul \u00fchendab Kalevit ja Wise&#8217;i \u00fchine m\u00f5tteviis.<\/p>\n<p>&#8220;Nii nagu Eesti sportlased viivad sinimustvalge maailma suurv\u00f5istlustele, on ka Wise kasvanud Eestist \u00fcleilmseks ettev\u00f5tteks. Aitame ligi 19 miljonil inimesel ja ettev\u00f5ttel raha piiri\u00fcleselt liigutada ning s\u00e4\u00e4stame klientidele igal aastal miljardeid eurosid varjatud tasudelt. Seet\u00f5ttu tundus loomulik luua koost\u00f6\u00f6s Kaleviga Eesti esimene sinimustvalge Wise&#8217;i deebetkaart inimestele, kelle igap\u00e4evaelu ulatub Eestist maailma,&#8221; s\u00f5nas Trunin.<\/p>\n<p>Tema s\u00f5nul reisivad Eesti inimesed sageli just spordi t\u00f5ttu \u2013 olgu selleks v\u00f5istlemine, oma klubi v\u00f5i koondise toetamine v\u00f5i spordis\u00fcndmuste k\u00fclastamine v\u00e4lismaal. Sellistel puhkudel v\u00f5ivad eri valuutades makstes koguneda m\u00e4rkimisv\u00e4\u00e4rsed teenustasud, mida Wise aitab v\u00e4hendada, kasutades keskmist turukurssi ja n\u00e4idates k\u00f5ik tasud kliendile ette.<\/p>\n<p>Wise&#8217;i konto v\u00f5imaldab hoida ja kasutada raha enam kui 40 valuutas, teha rahvusvahelisi \u00fclekandeid ning maksta kaardiga rohkem kui 160 riigis \u00fcle maailma.<\/p>\n<p>Kaarti tutvustatakse ametlikult 3. juulil Tallinna Kalevi staadionil Kalevi 125. aastap\u00e4eva ja VII Eestimaa v\u00f5imlemispeo &#8220;Maaelu v\u00f5lu&#8221; raames.<\/p>\n<p>Wise on finantstehnoloogiaettev\u00f5te, mille teenuseid kasutab ligi 19 miljonit inimest ja ettev\u00f5tet. Eesti Spordiselts Kalev t\u00e4histab t\u00e4navu oma 125. tegevusaastat, mille \u00fcks suurs\u00fcndmusi on 3.\u20135. juulini Tallinna Kalevi staadionil toimuv VII Eestimaa v\u00f5imlemispidu &#8220;Maaelu v\u00f5lu&#8221;.<\/p>\n","protected":false},"excerpt":{"rendered":"Finantstehnoloogiaettev\u00f5te Wise ja Eesti Spordiselts Kalev toovad Kalevi 125. aastap\u00e4eva ning Wise&#8217;i 15. tegevusaasta t\u00e4histamiseks v\u00e4lja piiratud koguses&hellip;\n","protected":false},"author":2,"featured_media":217859,"comment_status":"","ping_status":"","sticky":false,"template":"","format":"standard","meta":{"footnotes":"","_share_on_mastodon":"0"},"categories":[12],"tags":[26,27,37,33,35,26314,34,36,31,32,21,28,29,19,25,23,24,22,20,30,18624],"class_list":["post-217858","post","type-post","status-publish","format-standard","has-post-thumbnail","category-eesti","tag-breaking-news","tag-breakingnews","tag-ee","tag-eesti","tag-eesti-keel","tag-eesti-spordiselts-kalev","tag-estonia","tag-estonian","tag-featured-news","tag-featurednews","tag-headlines","tag-latest-news","tag-latestnews","tag-news","tag-populaarseimad-lood","tag-top-stories","tag-topstories","tag-uldised-uudised","tag-uudised","tag-viimased-uudised","tag-wise"],"share_on_mastodon":{"url":"https:\/\/pubeurope.com\/@ee\/116843245958881101","error":""},"_links":{"self":[{"href":"https:\/\/www.europesays.com\/ee\/wp-json\/wp\/v2\/posts\/217858","targetHints":{"allow":["GET"]}}],"collection":[{"href":"https:\/\/www.europesays.com\/ee\/wp-json\/wp\/v2\/posts"}],"about":[{"href":"https:\/\/www.europesays.com\/ee\/wp-json\/wp\/v2\/types\/post"}],"author":[{"embeddable":true,"href":"https:\/\/www.europesays.com\/ee\/wp-json\/wp\/v2\/users\/2"}],"replies":[{"embeddable":true,"href":"https:\/\/www.europesays.com\/ee\/wp-json\/wp\/v2\/comments?post=217858"}],"version-history":[{"count":0,"href":"https:\/\/www.europesays.com\/ee\/wp-json\/wp\/v2\/posts\/217858\/revisions"}],"wp:featuredmedia":[{"embeddable":true,"href":"https:\/\/www.europesays.com\/ee\/wp-json\/wp\/v2\/media\/217859"}],"wp:attachment":[{"href":"https:\/\/www.europesays.com\/ee\/wp-json\/wp\/v2\/media?parent=217858"}],"wp:term":[{"taxonomy":"category","embeddable":true,"href":"https:\/\/www.europesays.com\/ee\/wp-json\/wp\/v2\/categories?post=217858"},{"taxonomy":"post_tag","embeddable":true,"href":"https:\/\/www.europesays.com\/ee\/wp-json\/wp\/v2\/tags?post=217858"}],"curies":[{"name":"wp","href":"https:\/\/api.w.org\/{rel}","templated":true}]}}