{"id":217872,"date":"2026-07-01T06:24:07","date_gmt":"2026-07-01T06:24:07","guid":{"rendered":"https:\/\/www.europesays.com\/ee\/217872\/"},"modified":"2026-07-01T06:24:07","modified_gmt":"2026-07-01T06:24:07","slug":"tarbijahinnad-tousid-aastases-vordluses-kaks-protsenti-majandus","status":"publish","type":"post","link":"https:\/\/www.europesays.com\/ee\/217872\/","title":{"rendered":"Tarbijahinnad t\u00f5usid aastases v\u00f5rdluses kaks protsenti | Majandus"},"content":{"rendered":"<p>Statistikaameti esialgsel hinnangul langes turistide kulutusi arvesse v\u00f5ttev tarbijahindade harmoneeritud indeks juunis v\u00f5rreldes maiga 0,4 protsenti ning 2025. aasta juuniga v\u00f5rreldes t\u00f5usis indeks kaks protsenti.<\/p>\n<p>Tegemist on kiirhinnanguga, mis juuni hindade kohta laekuvatel andmetel t\u00e4psustub.<\/p>\n<p>Tarbijahinnaindeks kasutab kaaludena Eesti elanike tarbimisstruktuuri Eestis, harmoneeritud indeks v\u00f5tab arvesse ka turistide tehtud kulutusi ning on v\u00f5rreldav rahvusvahelise indeksiga HICP\u00a0(Harmonised Index of Consumer Prices).\u00a0<\/p>\n<p>&#8220;Esialgsetel andmetel m\u00f5jutas indeksit k\u00f5ige enam odavnenud toit ja mittealkohoolsed joogid ning riided ja jalatsid \u2013 seda nii kuu kui ka aasta v\u00f5rdluses,&#8221; kommenteeris statistikaameti tarbijahindade statistika teenusejuht\u00a0Lauri Veski.<\/p>\n<p><a href=\"https:\/\/www.err.ee\/1610047627\/tarbijahinnaindeks-tousis-mais-aastaga-3-7-protsenti\" target=\"_blank\" rel=\"noopener nofollow\">Mais t\u00f5usid<\/a> tarbijahinnad aastases v\u00f5rdluses 3,7 protsenti.<\/p>\n<p>Juuni tarbijahinnaindeksi andmed avaldab statistikaamet\u00a0teisip\u00e4eval,\u00a07. juulil. arbijahindade harmoneeritud indeksi juuni andmed avaldatakse\u00a016. juulil.<\/p>\n<p>Luminori pea\u00f6konomist Lenno Uusk\u00fcla selgitas, et juunikuise hinnalanguse taga oli ennek\u00f5ike nafta hinna langus maailmaturul ning ka bensiini ja diisli hinna langus meie tanklates.<\/p>\n<p>&#8220;Nafta hind, mis enne aktiivse kriisi algust m\u00e4rtsis oli 70 dollarit barrelist ja t\u00f5usus vahepeal 110 dollarini, langes tagasi eelmise kuu l\u00f5puks 72 dollari juurde. Veidi varasema 60 dollari tasemeni pole veel ta j\u00f5udnud. Eelmise aasta juunis olid nafta hinnad aga keskmiselt \u00fcle 70 dollari barreli, sisuliselt samal tasemel, kuhu ta langes selle aasta juuni l\u00f5puks.&#8221;<\/p>\n<p>Uusk\u00fcla s\u00f5nul on administratiivsed hinnat\u00f5usud l\u00e4bi saanud ning ka maksumuudatused ei ole praegu hinnat\u00f5usu kiirendamas. Toidu hinnad, mis vahepeal andsid tooni hinnat\u00f5usu kujundajana on samuti langustrendis.<\/p>\n<p>&#8220;Nii madalat aastast hinnat\u00f5usu, kui praegu pole me n\u00e4inud 2021. aasta aprillist alates, mis on enam kui viis aastat. Koroona ajal hinnad langesid, kuid enne seda n\u00e4gime samuti pigem keskmiselt kolme protsendi suurust hinnat\u00f5usu.&#8221;<\/p>\n<p>Uusk\u00fcla hinnangul on v\u00e4ljavaade sel aastal hinnat\u00f5usu m\u00f5\u00f5dukale kasvule.<\/p>\n<p>&#8220;Kui USA, Iisraeli ja Iraani rahuleping saab allkirjad ja j\u00e4\u00e4b kestma, siis v\u00f5ivad nafta hinnad j\u00e4\u00e4da madalaks. M\u00f5ningast hinnasurvet l\u00e4bi vahepeal t\u00f5usnud toormete hindade v\u00f5ime kogeda, kuid see j\u00e4\u00e4b m\u00f5\u00f5dukaks. Pigem hakkavad edasisi hinnamuutuseid m\u00f5jutama kuidas areneb kliimamuutustest h\u00fcplikuks saanud ilm, mis m\u00f5jutab p\u00f5llumajandust ning kuidas suudetakse koguda j\u00e4rgmiseks talveks maardlatesse gaasi ja kui k\u00fclmaks kujuneb j\u00e4rgmine talv.&#8221;<\/p>\n","protected":false},"excerpt":{"rendered":"Statistikaameti esialgsel hinnangul langes turistide kulutusi arvesse v\u00f5ttev tarbijahindade harmoneeritud indeks juunis v\u00f5rreldes maiga 0,4 protsenti ning 2025.&hellip;\n","protected":false},"author":2,"featured_media":217873,"comment_status":"","ping_status":"","sticky":false,"template":"","format":"standard","meta":{"footnotes":"","_share_on_mastodon":"0"},"categories":[5],"tags":[26,27,37,33,35,34,36,31,32,21,28,29,19,25,6694,23,24,22,20,30],"class_list":["post-217872","post","type-post","status-publish","format-standard","has-post-thumbnail","category-uldised-uudised","tag-breaking-news","tag-breakingnews","tag-ee","tag-eesti","tag-eesti-keel","tag-estonia","tag-estonian","tag-featured-news","tag-featurednews","tag-headlines","tag-latest-news","tag-latestnews","tag-news","tag-populaarseimad-lood","tag-tarbijahinnad","tag-top-stories","tag-topstories","tag-uldised-uudised","tag-uudised","tag-viimased-uudised"],"share_on_mastodon":{"url":"https:\/\/pubeurope.com\/@ee\/116843293219919598","error":""},"_links":{"self":[{"href":"https:\/\/www.europesays.com\/ee\/wp-json\/wp\/v2\/posts\/217872","targetHints":{"allow":["GET"]}}],"collection":[{"href":"https:\/\/www.europesays.com\/ee\/wp-json\/wp\/v2\/posts"}],"about":[{"href":"https:\/\/www.europesays.com\/ee\/wp-json\/wp\/v2\/types\/post"}],"author":[{"embeddable":true,"href":"https:\/\/www.europesays.com\/ee\/wp-json\/wp\/v2\/users\/2"}],"replies":[{"embeddable":true,"href":"https:\/\/www.europesays.com\/ee\/wp-json\/wp\/v2\/comments?post=217872"}],"version-history":[{"count":0,"href":"https:\/\/www.europesays.com\/ee\/wp-json\/wp\/v2\/posts\/217872\/revisions"}],"wp:featuredmedia":[{"embeddable":true,"href":"https:\/\/www.europesays.com\/ee\/wp-json\/wp\/v2\/media\/217873"}],"wp:attachment":[{"href":"https:\/\/www.europesays.com\/ee\/wp-json\/wp\/v2\/media?parent=217872"}],"wp:term":[{"taxonomy":"category","embeddable":true,"href":"https:\/\/www.europesays.com\/ee\/wp-json\/wp\/v2\/categories?post=217872"},{"taxonomy":"post_tag","embeddable":true,"href":"https:\/\/www.europesays.com\/ee\/wp-json\/wp\/v2\/tags?post=217872"}],"curies":[{"name":"wp","href":"https:\/\/api.w.org\/{rel}","templated":true}]}}