{"id":217889,"date":"2026-07-01T06:44:22","date_gmt":"2026-07-01T06:44:22","guid":{"rendered":"https:\/\/www.europesays.com\/ee\/217889\/"},"modified":"2026-07-01T06:44:22","modified_gmt":"2026-07-01T06:44:22","slug":"usa-delegaadid-kushner-ja-witkoff-saabusid-konelusteks-katari","status":"publish","type":"post","link":"https:\/\/www.europesays.com\/ee\/217889\/","title":{"rendered":"USA delegaadid Kushner ja Witkoff saabusid k\u00f5nelusteks Katari"},"content":{"rendered":"<p>USA poolt l\u00e4ksid Katari l\u00e4bir\u00e4\u00e4kimisteks <a rel=\"noopener nofollow\" target=\"_blank\" href=\"https:\/\/www.delfi.ee\/teema\/96867289\/steve-witkoff\" tag-id=\"96867289\">Steve Witkoff<\/a>, Trumpi poolt valitud L\u00e4his-Ida erisaadik, ja <a rel=\"noopener nofollow\" target=\"_blank\" href=\"https:\/\/www.delfi.ee\/teema\/76858148\/jared-kushner\" tag-id=\"76858148\">Jared Kushner<\/a>, Trumpi v\u00e4imees. \u201eH\u00e4rra Steve Witfoff ja h\u00e4rra Jared Kushner on siin Dohas, et kohtuda vahendajate ja Katari ametnikega,\u201c \u00fctles Katari v\u00e4lisministeeriumi pressiesindaja Majed Al Ansari.<\/p>\n<p>Iraan saatis samuti esmasp\u00e4eval oma esindajad Katari, kuid keeldus kategooriliselt Ameerika esindajatega kohtumast \u201e\u00fcksk\u00f5ik millisel tasandil,\u201c ajendatuna hiljuti taasalanud konfliktist. Eelmisel n\u00e4dalal toimusid r\u00fcnnakud m\u00f5lemalt poolt, esmasp\u00e4eval tundus tekkivat paus.<\/p>\n<p>Iraan tahab Katariga arutada enda k\u00fclmutatud varade vabastamist ja potentsiaalset sanktsioonide t\u00f5stmist oma naftalt.<\/p>\n<p>Varasemalt on proovitud mitu korda rahuk\u00f5nelusi l\u00e4bi viia, kuid seni tulutult. Hetkesed potentsiaalsed k\u00f5nelused USA ja Iraani vahel toimuksid vaid tehnilisel tasemel. J\u00e4etakse avatuks v\u00f5imalus, et kaks poolt saavad l\u00e4bi Katari ametnike omavahel s\u00f5numeid saata.<\/p>\n<p>Kuidas see lugu Sind end tundma pani? Saada <a href=\"https:\/\/www.delfi.ee\/artikkel\/120594186\/usa-delegaadid-kushner-ja-witkoff-saabusid-konelusteks-katari\/kommentaarid\" class=\"article-body-bottom__comment article-body-bottom__comment--write button button--primary button--size-auto\" rel=\"nofollow noopener\" target=\"_blank\"> Kommenteeri <\/a><a href=\"https:\/\/www.delfi.ee\/artikkel\/120594186\/usa-delegaadid-kushner-ja-witkoff-saabusid-konelusteks-katari\/kommentaarid\" class=\"article-body-bottom__comment article-body-bottom__comment--read button button--size-auto\" rel=\"nofollow noopener\" target=\"_blank\"> Loe kommentaare (31)<\/a><\/p>\n","protected":false},"excerpt":{"rendered":"USA poolt l\u00e4ksid Katari l\u00e4bir\u00e4\u00e4kimisteks Steve Witkoff, Trumpi poolt valitud L\u00e4his-Ida erisaadik, ja Jared Kushner, Trumpi v\u00e4imees. \u201eH\u00e4rra&hellip;\n","protected":false},"author":2,"featured_media":217890,"comment_status":"","ping_status":"","sticky":false,"template":"","format":"standard","meta":{"footnotes":"","_share_on_mastodon":"0"},"categories":[80],"tags":[26,27,37,33,35,34,36,31,32,21,1925,8831,8830,28,29,95,19,25,8832,23,24,22,325,20,30,92,93,94],"class_list":["post-217889","post","type-post","status-publish","format-standard","has-post-thumbnail","category-maailm","tag-breaking-news","tag-breakingnews","tag-ee","tag-eesti","tag-eesti-keel","tag-estonia","tag-estonian","tag-featured-news","tag-featurednews","tag-headlines","tag-iraan","tag-jared-kushner","tag-katar","tag-latest-news","tag-latestnews","tag-maailm","tag-news","tag-populaarseimad-lood","tag-steve-witkoff","tag-top-stories","tag-topstories","tag-uldised-uudised","tag-usa","tag-uudised","tag-viimased-uudised","tag-world","tag-world-news","tag-worldnews"],"share_on_mastodon":{"url":"https:\/\/pubeurope.com\/@ee\/116843371947297693","error":""},"_links":{"self":[{"href":"https:\/\/www.europesays.com\/ee\/wp-json\/wp\/v2\/posts\/217889","targetHints":{"allow":["GET"]}}],"collection":[{"href":"https:\/\/www.europesays.com\/ee\/wp-json\/wp\/v2\/posts"}],"about":[{"href":"https:\/\/www.europesays.com\/ee\/wp-json\/wp\/v2\/types\/post"}],"author":[{"embeddable":true,"href":"https:\/\/www.europesays.com\/ee\/wp-json\/wp\/v2\/users\/2"}],"replies":[{"embeddable":true,"href":"https:\/\/www.europesays.com\/ee\/wp-json\/wp\/v2\/comments?post=217889"}],"version-history":[{"count":0,"href":"https:\/\/www.europesays.com\/ee\/wp-json\/wp\/v2\/posts\/217889\/revisions"}],"wp:featuredmedia":[{"embeddable":true,"href":"https:\/\/www.europesays.com\/ee\/wp-json\/wp\/v2\/media\/217890"}],"wp:attachment":[{"href":"https:\/\/www.europesays.com\/ee\/wp-json\/wp\/v2\/media?parent=217889"}],"wp:term":[{"taxonomy":"category","embeddable":true,"href":"https:\/\/www.europesays.com\/ee\/wp-json\/wp\/v2\/categories?post=217889"},{"taxonomy":"post_tag","embeddable":true,"href":"https:\/\/www.europesays.com\/ee\/wp-json\/wp\/v2\/tags?post=217889"}],"curies":[{"name":"wp","href":"https:\/\/api.w.org\/{rel}","templated":true}]}}