{"id":217953,"date":"2026-07-01T07:51:36","date_gmt":"2026-07-01T07:51:36","guid":{"rendered":"https:\/\/www.europesays.com\/ee\/217953\/"},"modified":"2026-07-01T07:51:36","modified_gmt":"2026-07-01T07:51:36","slug":"metsmaasika-uputus-%e2%9f%a9-liitri-hind-on-usna-krobe-tanavu-suvi-on-alanud-metsmarjadele-soodsalt-punetav-metsaalune-aitab-virkadel-taskuid-taita","status":"publish","type":"post","link":"https:\/\/www.europesays.com\/ee\/217953\/","title":{"rendered":"METSMAASIKA UPUTUS \u27e9 \u00abLiitri hind on \u00fcsna kr\u00f5be!\u00bb T\u00e4navu suvi on alanud metsmarjadele soodsalt, punetav metsaalune aitab virkadel taskuid t\u00e4ita"},"content":{"rendered":"<p>Sotsiaalmeedia kubiseb piltidest, millel tublid marjulised oma uhket metsmaasika saaki n\u00e4itavad. T\u00e4navu on metsaalused uhkelt magusaid marju t\u00e4is. Need, kes ei raatsi v\u00f5i ei julge ise loodusesse minna, peavad metsmaasikate eest kr\u00f5bedat hinda maksma.<\/p>\n<p>Facebooki gruppi \u00abM\u00e4rgatud Saaremaal\u00bb on lisatud pilte punetavast metsaalusest. \u00abMetsmaasika plahvatus\u00bb, kirjutab piltide juurde Sirli, kes parasjagu anumaid magusate marjadega t\u00e4idab.<\/p>\n","protected":false},"excerpt":{"rendered":"Sotsiaalmeedia kubiseb piltidest, millel tublid marjulised oma uhket metsmaasika saaki n\u00e4itavad. T\u00e4navu on metsaalused uhkelt magusaid marju t\u00e4is.&hellip;\n","protected":false},"author":2,"featured_media":217954,"comment_status":"","ping_status":"","sticky":false,"template":"","format":"standard","meta":{"footnotes":"","_share_on_mastodon":"0"},"categories":[12],"tags":[89158,26,27,37,33,35,57580,87151,29784,3976,34,36,8175,81051,31,32,21,43,89172,28140,3722,89174,28970,18511,89171,89168,89167,28,29,89163,285,67171,15227,30937,89160,16914,89161,89162,89164,14619,49198,85518,89173,19,3492,39028,3424,25,3074,61580,948,7803,397,89159,89169,16314,5878,23,24,89170,22,20,89165,89166,4324,30],"class_list":["post-217953","post","type-post","status-publish","format-standard","has-post-thumbnail","category-eesti","tag-aedmaasikad","tag-breaking-news","tag-breakingnews","tag-ee","tag-eesti","tag-eesti-keel","tag-eesti-metsad","tag-eesti-suvi","tag-elu24","tag-elukallidus","tag-estonia","tag-estonian","tag-facebook","tag-facebooki-grupid","tag-featured-news","tag-featurednews","tag-headlines","tag-hinnatous","tag-hinnavaidlus","tag-ilmastik","tag-inflatsioon","tag-kogukonnagrupid","tag-kohalik-kogukond","tag-kohalik-toit","tag-kohalik-turg","tag-korilased","tag-kuivus","tag-latest-news","tag-latestnews","tag-liitri-hind","tag-loodus","tag-looduses-liikumine","tag-maapiirkonnad","tag-maasikad","tag-maasikasaak","tag-marjad","tag-marjade-korjamine","tag-marjade-muuk","tag-marjahooaeg","tag-metsad","tag-metsavana","tag-metsmaasikad","tag-muuk-internetis","tag-news","tag-nomme","tag-nommekad","tag-pollumajandus","tag-populaarseimad-lood","tag-poud","tag-saagikus","tag-saaremaa","tag-sissetulekud","tag-sotsiaalmeedia","tag-suvine-ilmastik","tag-talupidamine","tag-tarbijad","tag-toiduhinnad","tag-top-stories","tag-topstories","tag-turukaubandus","tag-uldised-uudised","tag-uudised","tag-vaba-aeg-ja-harrastused","tag-vahelduv-ilm","tag-vihm","tag-viimased-uudised"],"share_on_mastodon":{"url":"","error":"Validation failed: Text character limit of 500 exceeded"},"_links":{"self":[{"href":"https:\/\/www.europesays.com\/ee\/wp-json\/wp\/v2\/posts\/217953","targetHints":{"allow":["GET"]}}],"collection":[{"href":"https:\/\/www.europesays.com\/ee\/wp-json\/wp\/v2\/posts"}],"about":[{"href":"https:\/\/www.europesays.com\/ee\/wp-json\/wp\/v2\/types\/post"}],"author":[{"embeddable":true,"href":"https:\/\/www.europesays.com\/ee\/wp-json\/wp\/v2\/users\/2"}],"replies":[{"embeddable":true,"href":"https:\/\/www.europesays.com\/ee\/wp-json\/wp\/v2\/comments?post=217953"}],"version-history":[{"count":0,"href":"https:\/\/www.europesays.com\/ee\/wp-json\/wp\/v2\/posts\/217953\/revisions"}],"wp:featuredmedia":[{"embeddable":true,"href":"https:\/\/www.europesays.com\/ee\/wp-json\/wp\/v2\/media\/217954"}],"wp:attachment":[{"href":"https:\/\/www.europesays.com\/ee\/wp-json\/wp\/v2\/media?parent=217953"}],"wp:term":[{"taxonomy":"category","embeddable":true,"href":"https:\/\/www.europesays.com\/ee\/wp-json\/wp\/v2\/categories?post=217953"},{"taxonomy":"post_tag","embeddable":true,"href":"https:\/\/www.europesays.com\/ee\/wp-json\/wp\/v2\/tags?post=217953"}],"curies":[{"name":"wp","href":"https:\/\/api.w.org\/{rel}","templated":true}]}}