{"id":218104,"date":"2026-07-01T10:50:13","date_gmt":"2026-07-01T10:50:13","guid":{"rendered":"https:\/\/www.europesays.com\/ee\/218104\/"},"modified":"2026-07-01T10:50:13","modified_gmt":"2026-07-01T10:50:13","slug":"trump-teenis-mullu-kruptoarilt-ule-miljardi-dollari-ning-veel-miljoneid-ketsi-ja-piiblimuugilt","status":"publish","type":"post","link":"https:\/\/www.europesays.com\/ee\/218104\/","title":{"rendered":"Trump teenis mullu kr\u00fcpto\u00e4rilt \u00fcle miljardi dollari ning veel miljoneid ketsi- ja piiblim\u00fc\u00fcgilt"},"content":{"rendered":"<p class=\"MsoNormal\">Oma teisel ametiajal on president ja tema perekond teinud suuri investeeringuid digitaalrahasse ja mitmesugustesse kr\u00fcptovaldkonna ettev\u00f5tetesse, kusjuures Trump teatas 2025. aasta alguses, et soovib, et USAst saaks \u00abmaailma kr\u00fcptopealinn\u00bb. Trumpi kr\u00fcptotulud lisanduvad tema kohtulahenditest, kinnisvaralt ja autoritasudest saadud sissetulekule, vahendas The Guardian.<\/p>\n","protected":false},"excerpt":{"rendered":"Oma teisel ametiajal on president ja tema perekond teinud suuri investeeringuid digitaalrahasse ja mitmesugustesse kr\u00fcptovaldkonna ettev\u00f5tetesse, kusjuures Trump&hellip;\n","protected":false},"author":2,"featured_media":218105,"comment_status":"","ping_status":"","sticky":false,"template":"","format":"standard","meta":{"footnotes":"","_share_on_mastodon":"0"},"categories":[5],"tags":[587,26,27,324,37,33,35,34,36,31,32,21,43969,83376,2308,28,29,19,25,23,24,22,20,1900,30],"class_list":["post-218104","post","type-post","status-publish","format-standard","has-post-thumbnail","category-uldised-uudised","tag-ameerika-uhendriigid","tag-breaking-news","tag-breakingnews","tag-donald-trump","tag-ee","tag-eesti","tag-eesti-keel","tag-estonia","tag-estonian","tag-featured-news","tag-featurednews","tag-headlines","tag-huvide-konflikt","tag-kruptoari","tag-kruptovaluuta","tag-latest-news","tag-latestnews","tag-news","tag-populaarseimad-lood","tag-top-stories","tag-topstories","tag-uldised-uudised","tag-uudised","tag-valge-maja","tag-viimased-uudised"],"share_on_mastodon":{"url":"https:\/\/pubeurope.com\/@ee\/116844339228205420","error":""},"_links":{"self":[{"href":"https:\/\/www.europesays.com\/ee\/wp-json\/wp\/v2\/posts\/218104","targetHints":{"allow":["GET"]}}],"collection":[{"href":"https:\/\/www.europesays.com\/ee\/wp-json\/wp\/v2\/posts"}],"about":[{"href":"https:\/\/www.europesays.com\/ee\/wp-json\/wp\/v2\/types\/post"}],"author":[{"embeddable":true,"href":"https:\/\/www.europesays.com\/ee\/wp-json\/wp\/v2\/users\/2"}],"replies":[{"embeddable":true,"href":"https:\/\/www.europesays.com\/ee\/wp-json\/wp\/v2\/comments?post=218104"}],"version-history":[{"count":0,"href":"https:\/\/www.europesays.com\/ee\/wp-json\/wp\/v2\/posts\/218104\/revisions"}],"wp:featuredmedia":[{"embeddable":true,"href":"https:\/\/www.europesays.com\/ee\/wp-json\/wp\/v2\/media\/218105"}],"wp:attachment":[{"href":"https:\/\/www.europesays.com\/ee\/wp-json\/wp\/v2\/media?parent=218104"}],"wp:term":[{"taxonomy":"category","embeddable":true,"href":"https:\/\/www.europesays.com\/ee\/wp-json\/wp\/v2\/categories?post=218104"},{"taxonomy":"post_tag","embeddable":true,"href":"https:\/\/www.europesays.com\/ee\/wp-json\/wp\/v2\/tags?post=218104"}],"curies":[{"name":"wp","href":"https:\/\/api.w.org\/{rel}","templated":true}]}}