{"id":218137,"date":"2026-07-01T11:34:08","date_gmt":"2026-07-01T11:34:08","guid":{"rendered":"https:\/\/www.europesays.com\/ee\/218137\/"},"modified":"2026-07-01T11:34:08","modified_gmt":"2026-07-01T11:34:08","slug":"kirikulohe-%e2%9f%a9-reaktsiooniline-katoliiklik-uhendus-puhitses-paavstile-vastu-hakates-ametisse-uued-piiskopid","status":"publish","type":"post","link":"https:\/\/www.europesays.com\/ee\/218137\/","title":{"rendered":"KIRIKUL\u00d5HE \u27e9 Reaktsiooniline katoliiklik \u00fchendus p\u00fchitses paavstile vastu hakates ametisse uued piiskopid"},"content":{"rendered":"<p class=\"MsoNormal\">\u0160veitsi edelaosas \u00c9c\u00f4ne\u2019is toimunud tseremoonial, millest v\u00f5tsid osa tuhanded usklikud kogu maailmast, p\u00fchitsesid \u00fchingu kaks viimast allesj\u00e4\u00e4nud piiskoppi ametisse neli uut piiskoppi: kaks prantslast, \u00fche ameeriklase ja \u00fche \u0161veitslase. Kuna neil puudus paavsti heakskiit, on k\u00f5ik kuus piiskoppi sellega sisuliselt roomakatoliku kirikust ekskommunikeeritud.<\/p>\n","protected":false},"excerpt":{"rendered":"\u0160veitsi edelaosas \u00c9c\u00f4ne\u2019is toimunud tseremoonial, millest v\u00f5tsid osa tuhanded usklikud kogu maailmast, p\u00fchitsesid \u00fchingu kaks viimast allesj\u00e4\u00e4nud piiskoppi&hellip;\n","protected":false},"author":2,"featured_media":218138,"comment_status":"","ping_status":"","sticky":false,"template":"","format":"standard","meta":{"footnotes":"","_share_on_mastodon":"0"},"categories":[5],"tags":[26,27,37,33,35,61174,34,36,31,32,21,89202,28,29,89203,19,10493,89201,25,89200,72054,8986,23,24,22,20,4852,30],"class_list":["post-218137","post","type-post","status-publish","format-standard","has-post-thumbnail","category-uldised-uudised","tag-breaking-news","tag-breakingnews","tag-ee","tag-eesti","tag-eesti-keel","tag-ekskommunikatsioon","tag-estonia","tag-estonian","tag-featured-news","tag-featurednews","tag-headlines","tag-katoliiklik-traditsionalism","tag-latest-news","tag-latestnews","tag-marcel-lefebvre","tag-news","tag-paavst-leo-xiv","tag-piiskoppide-puhitsemine","tag-populaarseimad-lood","tag-puha-pius-x-preestrite-vennaskond","tag-puha-tool","tag-roomakatoliku-kirik","tag-top-stories","tag-topstories","tag-uldised-uudised","tag-uudised","tag-vatikan","tag-viimased-uudised"],"share_on_mastodon":{"url":"","error":"Validation failed: Text character limit of 500 exceeded"},"_links":{"self":[{"href":"https:\/\/www.europesays.com\/ee\/wp-json\/wp\/v2\/posts\/218137","targetHints":{"allow":["GET"]}}],"collection":[{"href":"https:\/\/www.europesays.com\/ee\/wp-json\/wp\/v2\/posts"}],"about":[{"href":"https:\/\/www.europesays.com\/ee\/wp-json\/wp\/v2\/types\/post"}],"author":[{"embeddable":true,"href":"https:\/\/www.europesays.com\/ee\/wp-json\/wp\/v2\/users\/2"}],"replies":[{"embeddable":true,"href":"https:\/\/www.europesays.com\/ee\/wp-json\/wp\/v2\/comments?post=218137"}],"version-history":[{"count":0,"href":"https:\/\/www.europesays.com\/ee\/wp-json\/wp\/v2\/posts\/218137\/revisions"}],"wp:featuredmedia":[{"embeddable":true,"href":"https:\/\/www.europesays.com\/ee\/wp-json\/wp\/v2\/media\/218138"}],"wp:attachment":[{"href":"https:\/\/www.europesays.com\/ee\/wp-json\/wp\/v2\/media?parent=218137"}],"wp:term":[{"taxonomy":"category","embeddable":true,"href":"https:\/\/www.europesays.com\/ee\/wp-json\/wp\/v2\/categories?post=218137"},{"taxonomy":"post_tag","embeddable":true,"href":"https:\/\/www.europesays.com\/ee\/wp-json\/wp\/v2\/tags?post=218137"}],"curies":[{"name":"wp","href":"https:\/\/api.w.org\/{rel}","templated":true}]}}