{"id":218181,"date":"2026-07-01T12:27:14","date_gmt":"2026-07-01T12:27:14","guid":{"rendered":"https:\/\/www.europesays.com\/ee\/218181\/"},"modified":"2026-07-01T12:27:14","modified_gmt":"2026-07-01T12:27:14","slug":"kinnivarakriis-%e2%9f%a9-helsingi-uusarenduses-on-kolme-aasta-jooksul-muudud-maha-ainult-uks-korter","status":"publish","type":"post","link":"https:\/\/www.europesays.com\/ee\/218181\/","title":{"rendered":"KINNIVARAKRIIS \u27e9 Helsingi uusarenduses on kolme aasta jooksul m\u00fc\u00fcdud maha ainult \u00fcks korter"},"content":{"rendered":"<p>Suures majas elab praegu ainult Antti Soini koos elukaaslasega. Mees kiidab Tapanilat ja \u00fctleb, et seal on m\u00f5nus ja roheline. Soini s\u00f5nul on korter v\u00e4ga mugav ning maja on ehitatud kvaliteetselt. Ta tunnistab <a target=\"_blank\" rel=\"noopener noreferrer nofollow\" href=\"https:\/\/yle.fi\/a\/74-20231224\">YLE<\/a>-le, et suures majas \u00fcksi elamine tundus algul veider, kuid t\u00e4naseks on ta sellega harjunud. N\u00fc\u00fcd tundub talle kummaline m\u00f5te sellest, et trepikoda v\u00f5ib \u00fchel p\u00e4eval naabreid t\u00e4is olla.<\/p>\n","protected":false},"excerpt":{"rendered":"Suures majas elab praegu ainult Antti Soini koos elukaaslasega. Mees kiidab Tapanilat ja \u00fctleb, et seal on m\u00f5nus&hellip;\n","protected":false},"author":2,"featured_media":218182,"comment_status":"","ping_status":"","sticky":false,"template":"","format":"standard","meta":{"footnotes":"","_share_on_mastodon":"0"},"categories":[80],"tags":[3427,26,27,37,33,35,1644,34,36,31,32,21,691,2670,6678,28,29,95,6679,3900,19,25,1440,6681,6684,6683,23,24,22,20,6680,30,6682,92,93,94],"class_list":["post-218181","post","type-post","status-publish","format-standard","has-post-thumbnail","category-maailm","tag-aed","tag-breaking-news","tag-breakingnews","tag-ee","tag-eesti","tag-eesti-keel","tag-ehitus","tag-estonia","tag-estonian","tag-featured-news","tag-featurednews","tag-headlines","tag-kinnisvara","tag-kodu","tag-korter","tag-latest-news","tag-latestnews","tag-maailm","tag-maja","tag-muuk","tag-news","tag-populaarseimad-lood","tag-remont","tag-rent","tag-sisekujundus","tag-sisustus","tag-top-stories","tag-topstories","tag-uldised-uudised","tag-uudised","tag-uur","tag-viimased-uudised","tag-viimistlus","tag-world","tag-world-news","tag-worldnews"],"share_on_mastodon":{"url":"https:\/\/pubeurope.com\/@ee\/116844720572419789","error":""},"_links":{"self":[{"href":"https:\/\/www.europesays.com\/ee\/wp-json\/wp\/v2\/posts\/218181","targetHints":{"allow":["GET"]}}],"collection":[{"href":"https:\/\/www.europesays.com\/ee\/wp-json\/wp\/v2\/posts"}],"about":[{"href":"https:\/\/www.europesays.com\/ee\/wp-json\/wp\/v2\/types\/post"}],"author":[{"embeddable":true,"href":"https:\/\/www.europesays.com\/ee\/wp-json\/wp\/v2\/users\/2"}],"replies":[{"embeddable":true,"href":"https:\/\/www.europesays.com\/ee\/wp-json\/wp\/v2\/comments?post=218181"}],"version-history":[{"count":0,"href":"https:\/\/www.europesays.com\/ee\/wp-json\/wp\/v2\/posts\/218181\/revisions"}],"wp:featuredmedia":[{"embeddable":true,"href":"https:\/\/www.europesays.com\/ee\/wp-json\/wp\/v2\/media\/218182"}],"wp:attachment":[{"href":"https:\/\/www.europesays.com\/ee\/wp-json\/wp\/v2\/media?parent=218181"}],"wp:term":[{"taxonomy":"category","embeddable":true,"href":"https:\/\/www.europesays.com\/ee\/wp-json\/wp\/v2\/categories?post=218181"},{"taxonomy":"post_tag","embeddable":true,"href":"https:\/\/www.europesays.com\/ee\/wp-json\/wp\/v2\/tags?post=218181"}],"curies":[{"name":"wp","href":"https:\/\/api.w.org\/{rel}","templated":true}]}}