{"id":218193,"date":"2026-07-01T12:38:10","date_gmt":"2026-07-01T12:38:10","guid":{"rendered":"https:\/\/www.europesays.com\/ee\/218193\/"},"modified":"2026-07-01T12:38:10","modified_gmt":"2026-07-01T12:38:10","slug":"florian-wahl-kaebekoori-projektist-votsime-negatiivsed-asjad-ja-laulsime-end-ilusasse-kohta-muusika","status":"publish","type":"post","link":"https:\/\/www.europesays.com\/ee\/218193\/","title":{"rendered":"Florian Wahl kaebekoori projektist: v\u00f5tsime negatiivsed asjad ja laulsime end ilusasse kohta | Muusika"},"content":{"rendered":"<p>13. juunil toimus Balti jaama turu tagumisel v\u00e4ljakul Tallinna kaebekoori avalik \u00fclesastumine, kus kaeblejate ja Florian Wahli \u00fchist\u00f6\u00f6na s\u00fcndis seitsme minuti pikkune lauljate h\u00e4dadel p\u00f5hinev koorilaul. Florian Wahl \u00fctles &#8220;Deltas&#8221;, et kirjutas selle loo ikkagi oma soololoomingule m\u00f5eldes.<\/p>\n<p>Florian Wahl kinnitas, et see oli v\u00e4ga l\u00f5bus projekt. &#8220;Meil oli 15-aastastest kuni 73-aastasteni, saime kokku, m\u00f5tlesime, mis on Tallinnas valesti ja panime selle looks kokku,&#8221; \u00fctles ta ja lisas, et paljude jaoks oli see suur v\u00e4ljakutse, kuna kaebekoori liikmetest enamik pole kunagi varem kooris laulnud. &#8220;Neli-viis proovi tegime ja k\u00f5igil oli v\u00e4ga l\u00f5bus.&#8221;<\/p>\n<p>&#8220;Lugu on meie kirjutatud ja sisend tuli ka meie poolt, aga idee tuli Tellervo Kallinenilt, niiviisi on juba sajas linnas k\u00e4idud kaeblemas,&#8221; mainis ta ja lisas, et \u00fctles sellele projekti ilma pikemalt m\u00f5tlemata jah-s\u00f5na. &#8220;Mu enda loomingus on ka kohati sotsiaalne m\u00f5\u00f5de olemas ja mulle tundus see suurep\u00e4rane m\u00f5te, et seda kuidagi kollektiivselt lahendada. &#8220;Naljakaid laule mulle meeldib kirjutada ja me saime palju naljakaid ideid.&#8221;<\/p>\n<p>&#8220;Ei saa!&#8221; oli Wahli esimene kord koorile kirjutada. &#8220;Ma kirjutasin selle ikkagi enda soololoomingule m\u00f5eldes, koorilooks seda t\u00f5lgendada on v\u00e4ga keeruline, lisaks ma pole kunagi koori juhtinud,&#8221; t\u00f5des ta ja lisas, et enne kooriproove tegid nad ajur\u00fcnnaku, kus hakati ideid edasi arendada. &#8220;P\u00e4rast seda oli meil 15-16 lehek\u00fclge kaebeid, materjali oli palju ja seda oli alguses raske hoomata, aga siis ma hakkasin neid vaikselt noppima ja vaatasin, mis olid k\u00f5ige naljakamad minu jaoks.&#8221;<\/p>\n<p>Sellest projektist \u00f5ppis ta kollektiivis t\u00f6\u00f6tamist. &#8220;Ma olen selline t\u00fc\u00fcp, kes on v\u00e4ga individualistlik, aga ma tahtsingi enda koopast v\u00e4lja tulla, inimesed olid \u00f5nneks v\u00e4ga vastuv\u00f5tlikud, s\u00f5bralikud ja toetavad,&#8221; \u00fctles ta ja lisas, et selle teose eesm\u00e4rk on v\u00f5tta negatiivsed asjad ja laulda end ilusasse kohta.<\/p>\n<p>Teose esmaesitlus toimus juuni alguses Balti jaamas, Tallinna kaebekoori laulu muusikavideot saab n\u00e4ha aga EKKM-i suvisel juubelin\u00e4itusel &#8220;Miks kannad h\u00f5\u00f5ruvad ja teisi k\u00fcsimusi&#8221;, mis avatakse 23. juulil. &#8220;Seda teost teavad mitmeid meist varasemalt, oleme seda n\u00e4inud Kiasma kunstimuuseumis, aga tahtsime seda Eestis taasalgatada,&#8221; \u00fctles EKKMi kuraator-projektijuht Brigit Arop ja \u00fctles, et nad soovisid tuua esile valupunkte, mis inimesi parasjagu vaevavad. &#8220;Kunstnikud tegelevad ka sageli \u00fchiskonna n\u00f5rgemate kihtide probleemide esiletoomisega.&#8221;<\/p>\n<p>Tallinna kaebekooris laulsid\u00a0Agnes Aus, Anita Kodanik, Brigit Arop, Ehtel Merila, Ebe-Ly Puusepp, Epp Kivistik, Helika Evelyn Moll, Kadi Viik, Kadri J\u00fcrisoo, Kaia Beilmann, Karoliine Pruul, Katrin Markii, Maarja Ann Ormisson, Madle Saluveer, Mare M\u00fc\u00fcrsepp, Mari-Liis Kupri, Marju Kurg, Marleen Nurm, Markus Kaal, Matilda Tirmaste, Mirjam Keks, Olav Kruus, Reti Meema, Talis Hillar Aulik ja Triin Mihkelson. &#8220;Kaebekoor&#8221; on soome-saksa kunstnikeduo Tellervo Kalleineni ja Oliver Kochta-Kalleineni poolt 2005. aastal algatatud osaluskunsti projekt, mille raames on kunstnikud loonud koorilaule nii Birminghamis, Helsingis, Chicagox, Singapuris ja mujal.<\/p>\n","protected":false},"excerpt":{"rendered":"13. juunil toimus Balti jaama turu tagumisel v\u00e4ljakul Tallinna kaebekoori avalik \u00fclesastumine, kus kaeblejate ja Florian Wahli \u00fchist\u00f6\u00f6na&hellip;\n","protected":false},"author":2,"featured_media":218194,"comment_status":"","ping_status":"","sticky":false,"template":"","format":"standard","meta":{"footnotes":"","_share_on_mastodon":"0"},"categories":[80],"tags":[26,27,37,33,20946,35,89214,20945,34,36,31,32,21078,21,61606,28,29,95,19,25,89215,23,24,22,20,30,92,93,94],"class_list":["post-218193","post","type-post","status-publish","format-standard","has-post-thumbnail","category-maailm","tag-breaking-news","tag-breakingnews","tag-ee","tag-eesti","tag-eesti-kaasaegse-kunsti-muuseum","tag-eesti-keel","tag-ei-saa","tag-ekkm","tag-estonia","tag-estonian","tag-featured-news","tag-featurednews","tag-florian-wahl","tag-headlines","tag-kaebekoor","tag-latest-news","tag-latestnews","tag-maailm","tag-news","tag-populaarseimad-lood","tag-tellervo-kallinen","tag-top-stories","tag-topstories","tag-uldised-uudised","tag-uudised","tag-viimased-uudised","tag-world","tag-world-news","tag-worldnews"],"share_on_mastodon":{"url":"https:\/\/pubeurope.com\/@ee\/116844763960749848","error":""},"_links":{"self":[{"href":"https:\/\/www.europesays.com\/ee\/wp-json\/wp\/v2\/posts\/218193","targetHints":{"allow":["GET"]}}],"collection":[{"href":"https:\/\/www.europesays.com\/ee\/wp-json\/wp\/v2\/posts"}],"about":[{"href":"https:\/\/www.europesays.com\/ee\/wp-json\/wp\/v2\/types\/post"}],"author":[{"embeddable":true,"href":"https:\/\/www.europesays.com\/ee\/wp-json\/wp\/v2\/users\/2"}],"replies":[{"embeddable":true,"href":"https:\/\/www.europesays.com\/ee\/wp-json\/wp\/v2\/comments?post=218193"}],"version-history":[{"count":0,"href":"https:\/\/www.europesays.com\/ee\/wp-json\/wp\/v2\/posts\/218193\/revisions"}],"wp:featuredmedia":[{"embeddable":true,"href":"https:\/\/www.europesays.com\/ee\/wp-json\/wp\/v2\/media\/218194"}],"wp:attachment":[{"href":"https:\/\/www.europesays.com\/ee\/wp-json\/wp\/v2\/media?parent=218193"}],"wp:term":[{"taxonomy":"category","embeddable":true,"href":"https:\/\/www.europesays.com\/ee\/wp-json\/wp\/v2\/categories?post=218193"},{"taxonomy":"post_tag","embeddable":true,"href":"https:\/\/www.europesays.com\/ee\/wp-json\/wp\/v2\/tags?post=218193"}],"curies":[{"name":"wp","href":"https:\/\/api.w.org\/{rel}","templated":true}]}}