{"id":218195,"date":"2026-07-01T12:39:13","date_gmt":"2026-07-01T12:39:13","guid":{"rendered":"https:\/\/www.europesays.com\/ee\/218195\/"},"modified":"2026-07-01T12:39:13","modified_gmt":"2026-07-01T12:39:13","slug":"video-%e2%9f%a9-djokovic-kusis-wimbledoni-peavaljakul-kihlunud-paarilt-pulmakutset","status":"publish","type":"post","link":"https:\/\/www.europesays.com\/ee\/218195\/","title":{"rendered":"VIDEO \u27e9 Djokovic k\u00fcsis Wimbledoni peav\u00e4ljakul kihlunud paarilt pulmakutset"},"content":{"rendered":"<p>USA spordiv\u00e4ljaande <a target=\"_blank\" rel=\"noopener noreferrer nofollow\" href=\"https:\/\/clutchpoints.com\/tennis\/wimbledon-news-novak-djokovic-wedding-proposal\">ClutchPoints<\/a> vahendusel p\u00e4lvis t\u00e4helepanu vahva hetk Wimbledonilt, kus Novak Djokovic m\u00e4rkas oma kohtumise ajal trib\u00fc\u00fcnidel toimunud abieluettepanekut ning esitas v\u00e4rskelt kihlunud paarile ootamatu, s\u00fcdamliku ning humoorika soovi.<\/p>\n<p>Serbia tenniset\u00e4ht alistas turniiri avaringis hiinlase Wu Yibingi neljas setis 6:4, 5:7, 6:4, 6:4, kuid \u00fcks meeldej\u00e4\u00e4vamaid hetki ei s\u00fcndinud mitte v\u00e4ljakul, vaid trib\u00fc\u00fcnidel.<\/p>\n","protected":false},"excerpt":{"rendered":"USA spordiv\u00e4ljaande ClutchPoints vahendusel p\u00e4lvis t\u00e4helepanu vahva hetk Wimbledonilt, kus Novak Djokovic m\u00e4rkas oma kohtumise ajal trib\u00fc\u00fcnidel toimunud&hellip;\n","protected":false},"author":2,"featured_media":218196,"comment_status":"","ping_status":"","sticky":false,"template":"","format":"standard","meta":{"footnotes":"","_share_on_mastodon":"0"},"categories":[12],"tags":[23696,21754,26,27,37,33,35,34,36,31,32,21,89216,28,29,19,2787,25,89218,43080,2827,89217,23,24,22,20,30,6777,54370],"class_list":["post-218195","post","type-post","status-publish","format-standard","has-post-thumbnail","category-eesti","tag-abieluettepanek","tag-austraalia-lahtised","tag-breaking-news","tag-breakingnews","tag-ee","tag-eesti","tag-eesti-keel","tag-estonia","tag-estonian","tag-featured-news","tag-featurednews","tag-headlines","tag-jelena-djokovic","tag-latest-news","tag-latestnews","tag-news","tag-novak-djokovic","tag-populaarseimad-lood","tag-spordipublik","tag-steffi-graf","tag-tennis","tag-tennisturniirid","tag-top-stories","tag-topstories","tag-uldised-uudised","tag-uudised","tag-viimased-uudised","tag-wimbledon","tag-wu-yibing"],"share_on_mastodon":{"url":"https:\/\/pubeurope.com\/@ee\/116844767624732337","error":""},"_links":{"self":[{"href":"https:\/\/www.europesays.com\/ee\/wp-json\/wp\/v2\/posts\/218195","targetHints":{"allow":["GET"]}}],"collection":[{"href":"https:\/\/www.europesays.com\/ee\/wp-json\/wp\/v2\/posts"}],"about":[{"href":"https:\/\/www.europesays.com\/ee\/wp-json\/wp\/v2\/types\/post"}],"author":[{"embeddable":true,"href":"https:\/\/www.europesays.com\/ee\/wp-json\/wp\/v2\/users\/2"}],"replies":[{"embeddable":true,"href":"https:\/\/www.europesays.com\/ee\/wp-json\/wp\/v2\/comments?post=218195"}],"version-history":[{"count":0,"href":"https:\/\/www.europesays.com\/ee\/wp-json\/wp\/v2\/posts\/218195\/revisions"}],"wp:featuredmedia":[{"embeddable":true,"href":"https:\/\/www.europesays.com\/ee\/wp-json\/wp\/v2\/media\/218196"}],"wp:attachment":[{"href":"https:\/\/www.europesays.com\/ee\/wp-json\/wp\/v2\/media?parent=218195"}],"wp:term":[{"taxonomy":"category","embeddable":true,"href":"https:\/\/www.europesays.com\/ee\/wp-json\/wp\/v2\/categories?post=218195"},{"taxonomy":"post_tag","embeddable":true,"href":"https:\/\/www.europesays.com\/ee\/wp-json\/wp\/v2\/tags?post=218195"}],"curies":[{"name":"wp","href":"https:\/\/api.w.org\/{rel}","templated":true}]}}