{"id":218231,"date":"2026-07-01T13:19:15","date_gmt":"2026-07-01T13:19:15","guid":{"rendered":"https:\/\/www.europesays.com\/ee\/218231\/"},"modified":"2026-07-01T13:19:15","modified_gmt":"2026-07-01T13:19:15","slug":"ollesummer-algab-%e2%9f%a9-festivali-avapaugu-annab-miljardi-kuulamisega-hiti-autor-katrina","status":"publish","type":"post","link":"https:\/\/www.europesays.com\/ee\/218231\/","title":{"rendered":"\u00d5LLESUMMER ALGAB! \u27e9 Festivali avapaugu annab miljardi kuulamisega hiti autor Katrina"},"content":{"rendered":"<p>\u00d5llesummer toob nelja p\u00e4eva jooksul lavadele nii Eesti tippartistid kui ka laia maailma tegijaid. Avap\u00e4eva oodatuim esineja on Briti-Ameerika lauljatar Katrina Leskanich, kes esineb j\u00f5udis eile \u00f5htul Tallinnasse ja astub t\u00e4na kell 18.00 pealaval \u00fcles.<\/p>\n<p><img decoding=\"async\" class=\"figure__image\" onclick=\"triggerEvent('articleImageClick', { id: 17752143, focus: 'single-image', focusIndex: '17752143' })\" onkeydown=\"if (event.key === 'Enter') {&#10;        triggerEvent('articleImageClick', { id: 17752143, focus: 'single-image', focusIndex: '17752143' })&#10;        }\" role=\"button\" tabindex=\"0\" data-focus-from=\"single-image\" data-focus-index=\"17752143\" src=\"https:\/\/www.europesays.com\/ee\/wp-content\/uploads\/2026\/07\/17752143t1hc778.jpg\"  onload=\"this.parentElement.classList.remove('figure__image-loading')\" alt=\"Katrina and the Wavesi saabumine Tallinnasse\"\/>Katrina and the Wavesi saabumine Tallinnasse Foto: Martin Pedaja<\/p>\n<p>Aegumatu hitt ja Eurovisiooni v\u00f5it<\/p>\n<p>Katrina looming on saatnud mitmeid p\u00f5lvkondi. Tema tuntuim lugu \u00abWalking on Sunshine\u00bb on t\u00f5eline positiivsuse h\u00fcmn, mis j\u00f5udis hiljuti haruldase verstapostini, nimelt on seda Spotifys kuulatud \u00fcle \u00fche miljardi korra. Sellega kuulub lugu maailma muusikaajaloo k\u00f5ige edukamate hittide nimistusse. Lisaks hittidele teab publik Katrinat kui 1997. aasta Eurovisiooni v\u00f5itjat, kus ta looga \u00abLove Shine a Light\u00bb purustas toona k\u00f5ik punktirekordid.<\/p>\n<p>Kuula positiivsuse h\u00fcmni siit:<\/p>\n<p>\u00a0<\/p>\n<p>\u00abOn erakordne au v\u00f5\u00f5rustada artisti, kelle muusika on nii ajatu ja globaalne. \u00abWalking on Sunshine\u00bb loo edu n\u00e4itab, et Katrina energia k\u00f5netab inimesi t\u00e4pselt samamoodi nagu aastak\u00fcmneid tagasi,\u00bb s\u00f5nab avalike suhete juht Marjen V\u00f5sujalg.<\/p>\n<p>Lisaks Katrinale saab \u00d5llesummeri avap\u00e4eval nautida mitmeid teisi kodumaiseid ja v\u00e4lismaiseid artiste, k\u00fclastada k\u00fcmneid toidukohti ning nautida suvist festivalimelu Tallinna merevaatega Lauluv\u00e4ljakul.<\/p>\n<p>\u00d5llesummeri v\u00e4ravad avatakse t\u00e4na kell 17.00. Piletid on saadaval Piletilevis ja kohapeal.<\/p>\n<p>\u00d5llesummer toimub t\u00e4navu 1.-4. juulil Tallinna Lauluv\u00e4ljakul, tuues nelja p\u00e4eva jooksul publikuni pea 100 artisti nii Eestist kui v\u00e4lismaalt ning meelitades festivalimelust osa saama 100 000 inimest. Piletid \u00d5llesummer 2026 festivalile on m\u00fc\u00fcgil Piletilevis ja festivali kodulehel.<\/p>\n","protected":false},"excerpt":{"rendered":"\u00d5llesummer toob nelja p\u00e4eva jooksul lavadele nii Eesti tippartistid kui ka laia maailma tegijaid. Avap\u00e4eva oodatuim esineja on&hellip;\n","protected":false},"author":2,"featured_media":218232,"comment_status":"","ping_status":"","sticky":false,"template":"","format":"standard","meta":{"footnotes":"","_share_on_mastodon":"0"},"categories":[16],"tags":[37,33,35,173,34,36,2861,89248,89244,28116,89246,7908,140,3874,89247,25447,6580,12349,89245],"class_list":["post-218231","post","type-post","status-publish","format-standard","has-post-thumbnail","category-meelelahutus","tag-ee","tag-eesti","tag-eesti-keel","tag-entertainment","tag-estonia","tag-estonian","tag-eurovisioon","tag-festivalimelu","tag-katrina","tag-katrina-and-the-waves","tag-love-shine-a-light","tag-marjen-vosujalg","tag-meelelahutus","tag-ollesummer","tag-ollesummer-2026","tag-piletilevi","tag-spotify","tag-tallinna-lauluvaljak","tag-walking-on-sunshine"],"share_on_mastodon":{"url":"https:\/\/pubeurope.com\/@ee\/116844926014422057","error":""},"_links":{"self":[{"href":"https:\/\/www.europesays.com\/ee\/wp-json\/wp\/v2\/posts\/218231","targetHints":{"allow":["GET"]}}],"collection":[{"href":"https:\/\/www.europesays.com\/ee\/wp-json\/wp\/v2\/posts"}],"about":[{"href":"https:\/\/www.europesays.com\/ee\/wp-json\/wp\/v2\/types\/post"}],"author":[{"embeddable":true,"href":"https:\/\/www.europesays.com\/ee\/wp-json\/wp\/v2\/users\/2"}],"replies":[{"embeddable":true,"href":"https:\/\/www.europesays.com\/ee\/wp-json\/wp\/v2\/comments?post=218231"}],"version-history":[{"count":0,"href":"https:\/\/www.europesays.com\/ee\/wp-json\/wp\/v2\/posts\/218231\/revisions"}],"wp:featuredmedia":[{"embeddable":true,"href":"https:\/\/www.europesays.com\/ee\/wp-json\/wp\/v2\/media\/218232"}],"wp:attachment":[{"href":"https:\/\/www.europesays.com\/ee\/wp-json\/wp\/v2\/media?parent=218231"}],"wp:term":[{"taxonomy":"category","embeddable":true,"href":"https:\/\/www.europesays.com\/ee\/wp-json\/wp\/v2\/categories?post=218231"},{"taxonomy":"post_tag","embeddable":true,"href":"https:\/\/www.europesays.com\/ee\/wp-json\/wp\/v2\/tags?post=218231"}],"curies":[{"name":"wp","href":"https:\/\/api.w.org\/{rel}","templated":true}]}}