{"id":218439,"date":"2026-07-01T17:50:08","date_gmt":"2026-07-01T17:50:08","guid":{"rendered":"https:\/\/www.europesays.com\/ee\/218439\/"},"modified":"2026-07-01T17:50:08","modified_gmt":"2026-07-01T17:50:08","slug":"saksa-hollandi-korpuse-ulem-kriisi-korral-tugevdab-nato-eesti-ja-lati-kaitset-eesti","status":"publish","type":"post","link":"https:\/\/www.europesays.com\/ee\/218439\/","title":{"rendered":"Saksa-Hollandi korpuse \u00fclem: kriisi korral tugevdab NATO Eesti ja L\u00e4ti kaitset | Eesti"},"content":{"rendered":"<p>Saksamaa Bundeswehr peab olema s\u00f5jaks valmis v\u00e4hem kui kolme aastaga, et astuda vastu Venemaale, kui see peaks \u00fcritama m\u00f5nda NATO riiki r\u00fcnnata, \u00fctles Bundeswehri peainspektor kindral Carsten Breuer Valgas Eesti ja L\u00e4ti kaitset Saksa-Hollandi korpusele \u00fcle v\u00f5ttes. Balti riikide kaitseks lisandus terve korpus, kuid esialgu mitte \u00fchtegi lisas\u00f5durit.<\/p>\n<p>Eesti ja L\u00e4ti kaitsmist juhib n\u00fc\u00fcd NATO Saksa-Hollandi korpus. Leedu ja Poola j\u00e4\u00e4vad NATO Kirdekorpuse hooleks, kes varem vastutas kogu piirkonna eest.<\/p>\n<p>&#8220;See korpus, mis siiani vastutas, oli saavutanud oma operatsiooni juhtimisv\u00f5ime piiri. Seda n\u00e4gime siinsete \u00f5ppuste k\u00e4igus ja reageerisime. NATO reageeris ja paigutas siia veel \u00fche lahingkorpuse. See on Saksa-Hollandi korpus,&#8221; s\u00f5nas Bundeswehr&#8217;i peainspektor kindral Carsten Breuer.<\/p>\n<p>Samas seisavad Valka p\u00e4ikeses kuumaks k\u00f6etud Kanada lahingumasinad &#8211; osa L\u00e4tis asuvast NATO lahingugrupist. Uus korpus v\u00f5iks v\u00e4lja panna kuni 60 000 s\u00f5durit. Praegu tal siin oma v\u00e4gesid ei ole. Kas ja millal tuleb, selle otsustab allianss.<\/p>\n<p>&#8220;NATO otsusega antakse kindlaks m\u00e4\u00e4ratud \u00fcksused minu k\u00e4sutusse. Tegu on valdavalt juba siin Eestis ja L\u00e4tis kohalolevate \u00fcksustega. Lisaks siis t\u00e4iendus teistest Euroopa osadest siin rakendamiseks. Kriisi korral tugevdab NATO Eesti ja L\u00e4ti kaitset oma vahenditega. Saate isegi aru, et operatiivtasandi n\u00f5uetest l\u00e4htuvalt ma \u00fcksikasjalikult ei selgita, mis \u00fcksuste ja materjaliga on tegu,&#8221; \u00fctles 1. Saksa-Hollandi korpuse \u00fclem kindralleitnant Peter Mirow.<\/p>\n<p>Kindral Breuer on varem \u00f6elnud, et Bundeswehr peab olema s\u00f5jaks valmis enne aastat 2029, sest anal\u00fc\u00fctikute hinnangul v\u00f5iks Venemaa selleks ajaks olla valmis NATO m\u00f5ne liikmesriigiga t\u00e4iemahulist s\u00f5da pidama.<\/p>\n<p>&#8220;Erinevatest tegevussuundadest, poliitilistest arengutest, isiklikust valmisolekust &#8211; k\u00f5igist neist valdkondadest v\u00f5ib seda v\u00e4lja lugeda. Seda j\u00e4lgides, n\u00e4hes, kuidas suunad omavahel ristuvad, vaatan aastale 2029,&#8221; lausus Breuer.<\/p>\n<p>Esimene saksa brigaad, esimene alaline NATO baas Balti riikides peab Leedus v\u00f5itlusv\u00f5imeline olema j\u00e4rgmisel aastal.<\/p>\n","protected":false},"excerpt":{"rendered":"Saksamaa Bundeswehr peab olema s\u00f5jaks valmis v\u00e4hem kui kolme aastaga, et astuda vastu Venemaale, kui see peaks \u00fcritama&hellip;\n","protected":false},"author":2,"featured_media":218440,"comment_status":"","ping_status":"","sticky":false,"template":"","format":"standard","meta":{"footnotes":"","_share_on_mastodon":"0"},"categories":[5],"tags":[26,27,7824,51819,37,33,35,34,36,31,32,21,28,29,114,54,19,89295,25,51,23,24,22,20,30],"class_list":["post-218439","post","type-post","status-publish","format-standard","has-post-thumbnail","category-uldised-uudised","tag-breaking-news","tag-breakingnews","tag-bundeswehr","tag-carsten-breuer","tag-ee","tag-eesti","tag-eesti-keel","tag-estonia","tag-estonian","tag-featured-news","tag-featurednews","tag-headlines","tag-latest-news","tag-latestnews","tag-lati","tag-nato","tag-news","tag-peter-mirow","tag-populaarseimad-lood","tag-saksamaa","tag-top-stories","tag-topstories","tag-uldised-uudised","tag-uudised","tag-viimased-uudised"],"share_on_mastodon":{"url":"https:\/\/pubeurope.com\/@ee\/116845990727376948","error":""},"_links":{"self":[{"href":"https:\/\/www.europesays.com\/ee\/wp-json\/wp\/v2\/posts\/218439","targetHints":{"allow":["GET"]}}],"collection":[{"href":"https:\/\/www.europesays.com\/ee\/wp-json\/wp\/v2\/posts"}],"about":[{"href":"https:\/\/www.europesays.com\/ee\/wp-json\/wp\/v2\/types\/post"}],"author":[{"embeddable":true,"href":"https:\/\/www.europesays.com\/ee\/wp-json\/wp\/v2\/users\/2"}],"replies":[{"embeddable":true,"href":"https:\/\/www.europesays.com\/ee\/wp-json\/wp\/v2\/comments?post=218439"}],"version-history":[{"count":0,"href":"https:\/\/www.europesays.com\/ee\/wp-json\/wp\/v2\/posts\/218439\/revisions"}],"wp:featuredmedia":[{"embeddable":true,"href":"https:\/\/www.europesays.com\/ee\/wp-json\/wp\/v2\/media\/218440"}],"wp:attachment":[{"href":"https:\/\/www.europesays.com\/ee\/wp-json\/wp\/v2\/media?parent=218439"}],"wp:term":[{"taxonomy":"category","embeddable":true,"href":"https:\/\/www.europesays.com\/ee\/wp-json\/wp\/v2\/categories?post=218439"},{"taxonomy":"post_tag","embeddable":true,"href":"https:\/\/www.europesays.com\/ee\/wp-json\/wp\/v2\/tags?post=218439"}],"curies":[{"name":"wp","href":"https:\/\/api.w.org\/{rel}","templated":true}]}}