{"id":218467,"date":"2026-07-01T18:33:18","date_gmt":"2026-07-01T18:33:18","guid":{"rendered":"https:\/\/www.europesays.com\/ee\/218467\/"},"modified":"2026-07-01T18:33:18","modified_gmt":"2026-07-01T18:33:18","slug":"rappar-beebiloust-astus-sonasotta-oma-eksnaise-ingrid-manniga-see-on-viimane-kord-kui-sa-minu-arvelt-tahelepanu-saad","status":"publish","type":"post","link":"https:\/\/www.europesays.com\/ee\/218467\/","title":{"rendered":"R\u00e4ppar Beebil\u00f5ust astus s\u00f5nas\u00f5tta oma eksnaise Ingrid M\u00e4nniga: see on viimane kord, kui sa minu arvelt t\u00e4helepanu saad"},"content":{"rendered":"<p>Eile jagas r\u00e4ppar <a rel=\"noopener nofollow\" target=\"_blank\" href=\"https:\/\/www.delfi.ee\/teema\/58744850\/beebiloust\" tag-id=\"58744850\">Beebil\u00f5ust<\/a> ehk <a rel=\"noopener nofollow\" target=\"_blank\" href=\"https:\/\/www.delfi.ee\/teema\/82082269\/andrus-elbing\" tag-id=\"82082269\">Andrus Elbing<\/a> oma Facebooki lehel pikka kirja, kus esitas oma eksnaisele Ingrid M\u00e4nnile etteheiteid. \u201eAhoi, lugupeetud Ingrid M\u00e4nd Perrehod (vene keeles Vahek\u00e4ik), kuidas sa oma obsessionist pole siiamaani \u00fcle saanud,\u201c algas tema tekst. Sealhulgas kinnitas r\u00e4ppar, et see on viimane kord, kui ta oma eksnaisele t\u00e4helepanu annab. <\/p>\n<p>Beebil\u00f5ust v\u00e4ljendas imestust selle \u00fcle, miks r\u00e4\u00e4gitakse temast endiselt nii mitu aastat p\u00e4rast tema ja Ingridi suhte l\u00f5ppu. \u201eKuidas on see v\u00f5imalik, et sa neli aastat hiljem ikka latrad minust ja minu h\u00f5imukaaslastest ja teenid sellega ka elatist? Kas kosmeetiku\u00e4ri, mille mina sulle \u00fclesse ehitasin, ei toida enam? Sa oled aastaid minu nime najal oma valedega uisutanud ja arvesta, et asjalood ei j\u00e4\u00e4 nii,\u201c pahandas r\u00e4ppar. <\/p>\n<p>Oled juba tellija?Logi sisse<\/p>\n<p><a href=\"https:\/\/kroonika.delfi.ee\/artikkel\/120594275\/rappar-beebiloust-astus-sonasotta-oma-eksnaise-ingrid-manniga-see-on-viimane-kord-kui-sa-minu-arvelt-tahelepanu-saad\/kommentaarid\" class=\"article-body-bottom__comment article-body-bottom__comment--write button button--primary button--size-auto\" rel=\"nofollow noopener\" target=\"_blank\"> Kommenteeri <\/a><a href=\"https:\/\/kroonika.delfi.ee\/artikkel\/120594275\/rappar-beebiloust-astus-sonasotta-oma-eksnaise-ingrid-manniga-see-on-viimane-kord-kui-sa-minu-arvelt-tahelepanu-saad\/kommentaarid\" class=\"article-body-bottom__comment article-body-bottom__comment--read button button--size-auto\" rel=\"nofollow noopener\" target=\"_blank\"> Loe kommentaare (45)<\/a><\/p>\n","protected":false},"excerpt":{"rendered":"Eile jagas r\u00e4ppar Beebil\u00f5ust ehk Andrus Elbing oma Facebooki lehel pikka kirja, kus esitas oma eksnaisele Ingrid M\u00e4nnile&hellip;\n","protected":false},"author":2,"featured_media":218468,"comment_status":"","ping_status":"","sticky":false,"template":"","format":"standard","meta":{"footnotes":"","_share_on_mastodon":"0"},"categories":[80],"tags":[4593,773,26,27,37,33,35,34,36,31,32,21,774,9890,28,29,95,19,25,23,24,22,20,30,92,93,94],"class_list":["post-218467","post","type-post","status-publish","format-standard","has-post-thumbnail","category-maailm","tag-andrus-elbing","tag-beebiloust","tag-breaking-news","tag-breakingnews","tag-ee","tag-eesti","tag-eesti-keel","tag-estonia","tag-estonian","tag-featured-news","tag-featurednews","tag-headlines","tag-ingrid-mand","tag-kristina-partelpoeg","tag-latest-news","tag-latestnews","tag-maailm","tag-news","tag-populaarseimad-lood","tag-top-stories","tag-topstories","tag-uldised-uudised","tag-uudised","tag-viimased-uudised","tag-world","tag-world-news","tag-worldnews"],"share_on_mastodon":{"url":"https:\/\/pubeurope.com\/@ee\/116846159651125373","error":""},"_links":{"self":[{"href":"https:\/\/www.europesays.com\/ee\/wp-json\/wp\/v2\/posts\/218467","targetHints":{"allow":["GET"]}}],"collection":[{"href":"https:\/\/www.europesays.com\/ee\/wp-json\/wp\/v2\/posts"}],"about":[{"href":"https:\/\/www.europesays.com\/ee\/wp-json\/wp\/v2\/types\/post"}],"author":[{"embeddable":true,"href":"https:\/\/www.europesays.com\/ee\/wp-json\/wp\/v2\/users\/2"}],"replies":[{"embeddable":true,"href":"https:\/\/www.europesays.com\/ee\/wp-json\/wp\/v2\/comments?post=218467"}],"version-history":[{"count":0,"href":"https:\/\/www.europesays.com\/ee\/wp-json\/wp\/v2\/posts\/218467\/revisions"}],"wp:featuredmedia":[{"embeddable":true,"href":"https:\/\/www.europesays.com\/ee\/wp-json\/wp\/v2\/media\/218468"}],"wp:attachment":[{"href":"https:\/\/www.europesays.com\/ee\/wp-json\/wp\/v2\/media?parent=218467"}],"wp:term":[{"taxonomy":"category","embeddable":true,"href":"https:\/\/www.europesays.com\/ee\/wp-json\/wp\/v2\/categories?post=218467"},{"taxonomy":"post_tag","embeddable":true,"href":"https:\/\/www.europesays.com\/ee\/wp-json\/wp\/v2\/tags?post=218467"}],"curies":[{"name":"wp","href":"https:\/\/api.w.org\/{rel}","templated":true}]}}