{"id":218511,"date":"2026-07-01T19:52:32","date_gmt":"2026-07-01T19:52:32","guid":{"rendered":"https:\/\/www.europesays.com\/ee\/218511\/"},"modified":"2026-07-01T19:52:32","modified_gmt":"2026-07-01T19:52:32","slug":"terras-maandab-segadust-aedviljakasvatajate-maarus-tuleb-umber-teha-eesti","status":"publish","type":"post","link":"https:\/\/www.europesays.com\/ee\/218511\/","title":{"rendered":"Terras maandab segadust: aedviljakasvatajate m\u00e4\u00e4rus tuleb \u00fcmber teha | Eesti"},"content":{"rendered":"<p>M\u00f6\u00f6dunud n\u00e4dalal andis regionaal- ja p\u00f5llumajandusministeerium v\u00e4lja teate muudatusest, mis pidi j\u00f5ustuma 1. juulil ning m\u00e4\u00e4ratlema, milline mitteloomsete esmatoodete ehk aedviljade, seente, idude jms tootmismaht liigitub v\u00e4ikeseks koguseks.<\/p>\n<p>Teade tekitas aga palju segadust, mist\u00f5ttu ilmus selle kohta nii <a href=\"https:\/\/majandus.postimees.ee\/8499441\/uus-seadus-hulk-vaiketootjaid-allutatakse-ametnike-kontrollile\" target=\"_blank\" rel=\"noopener nofollow\">artikleid ajakirjanduses<\/a> kui ka postitusi sotsiaalmeedias. <a href=\"https:\/\/vikerraadio.err.ee\/1610056091\/uudis-mirko-ojakivi\/a0b0311089d37d7c91ae473e3a302ed3\" target=\"_blank\" rel=\"noopener nofollow\">Talupidajatele j\u00e4i selgusetuks<\/a>, kuidas peaks muudatusega nende tulu t\u00f5usma ning arutelud k\u00e4isid ka selle \u00fcle, mille j\u00e4rgi pandi paika nii avamaade kui ka katmikalade piirid ning kas pereliikmetele ja naabritele tohib oma toodangu edasi m\u00fc\u00fca ilma, et keegi nende aiamaad kontrollima l\u00e4heks.<\/p>\n<p>Teisip\u00e4eval algatas regionaal- ja p\u00f5llumajandusminister Hendrik Johannes Terras m\u00e4\u00e4ruse muutmise, millega vaadatakse uuesti l\u00e4bi mitteloomsete esmatoodete v\u00e4ikese koguse piirid ning nende rakendamise kord.<\/p>\n<p>&#8220;M\u00e4\u00e4ruses on ilmselged puuduj\u00e4\u00e4gid, mis tuleb korda teha,&#8221; nentis Terras. Lisaks j\u00f5udis ta kohtuda erinevate organisatsioonidega, mis andsid m\u00e4\u00e4rusele tagasisidet.<\/p>\n<p>Terrase silmis olid murekohad riigisiseselt paika pandud avamaa ja katmikala suurused, mis m\u00e4\u00e4rasid, kas toodangu kogus on suur v\u00f5i v\u00e4ike. Teine kitsaskoht oli tema s\u00f5nul organisatsioonidevaheline andmete jagamine. &#8220;Kindlasti ei taha tekitada olukorda, kus \u00fcks talupidaja peab registreeruma v\u00f5i endast m\u00e4rku andma mitmes andmebaasis,&#8221; lisas ta.<\/p>\n<p>Kitsaskohad vaadatakse \u00fcle<\/p>\n<p>Terras nentis, et k\u00f5ik kitsaskohad tuleb koos talupidajatega \u00fcle vaadata ning leida lahendus, mis oleks vastuv\u00f5etav ega tekitaks b\u00fcrokraatiat juurde.<\/p>\n<p>Ta kinnitas, et m\u00e4\u00e4ruse kohta peaks l\u00e4hin\u00e4dalatel veel nii anal\u00fc\u00fcse kui ka tagasisidet tulema. J\u00e4rgnevad uued ettepanekud ja arutelud m\u00e4\u00e4ruse parandamiseks.<\/p>\n<p>Kuniks m\u00e4\u00e4rust \u00fcle vaadatakse, ei kontrolli PTA kedagi.<\/p>\n<p>Veel kehtiva lahenduse j\u00e4rgi loetakse mitteloomsete esmatoodete v\u00e4ikeseks koguseks p\u00f5llumajanduskultuuride saak, mis saadakse kuni 0,5 hektari suuruselt avamaa kasvupinnalt, sealhulgas kuni 0,01 hektari ehk 100 ruutmeetri suuruselt katmikalalt ehk nn kasvuhoonest. Idandatud seemnete, idandite, v\u00f5rsete ja kultuurseente puhul on piir kuni 3000 kilogrammi aastas.<\/p>\n<p>Piiri \u00fcletav tootja peab esitama p\u00f5llumajandus- ja toiduametile majandustegevusteate ning kuulub riskip\u00f5hise j\u00e4relevalve alla. Oma tarbeks kasvatamist kord ei puuduta. Registreerimisk\u00fcsimus tekib m\u00fc\u00fcgiks v\u00f5i tarnimiseks kasvatamisel.<\/p>\n<p>Minister Terras otsustas, et senine lahendus tuleb \u00fcmber hinnata neljast aspektist: \u00f5iguslik alus, valitud piirm\u00e4\u00e4rade p\u00f5hjendus, m\u00f5ju v\u00e4iketootjatele ning riigi olemasolevate andmete kasutamine.<\/p>\n<p><img decoding=\"async\" data-photo-id=\"3234797\" src=\"https:\/\/www.europesays.com\/ee\/wp-content\/uploads\/2026\/07\/3234797h4d30t24.jpg\"\/>Hendrik Johannes Terras. Autor\/allikas: Raul Mee<\/p>\n<p>Euroopa Liidu toiduh\u00fcgieeni raamistik n\u00f5uab liikmesriigilt v\u00e4ikestes kogustes esmatoodete otsetarnele riigisiseseid reegleid. Euroopa Liidu \u00f5igus ei kirjuta Eestile ette, et avamaa piir peab olema 0,5 hektarit v\u00f5i katmikala piir 100 ruutmeetrit. Need piirm\u00e4\u00e4rad on Eesti riigisisene valik, seisab ministeeriumi pressiteates. Seet\u00f5ttu tuleb nende sobivust hinnata Eesti tootmisstruktuuri, toiduohutuse riski ja halduskoormuse alusel.<\/p>\n<p>Minister andis kantsler Triin K\u00f5rgmaale \u00fclesande esitada \u00fclevaade m\u00e4\u00e4ruse ettevalmistamise kohta. \u00dclevaates tuleb selgitada, milliste andmete p\u00f5hjal valiti 0,5 hektari, 100 ruutmeetri ja 3000 kilogrammi piir, milliseid alternatiive kaaluti, kuidas hinnati m\u00f5ju v\u00e4iketootjatele, milliseid tootjaorganisatsioone kaasati ning miks ei valitud esmaseks lahenduseks PRIA ja PTA andmete ristkasutust.<\/p>\n<p>M\u00e4\u00e4ruse muutmisel tuleb k\u00f5igepealt kaardistada, millised tootjate pinna-, kultuuri- ja tegevusandmed on riigil juba olemas. Kui tootja on PRIA-le oma pinnad ja kultuurid esitanud, peab riik enne uue teavituskohustuse n\u00f5udmist t\u00f5endama, miks olemasolevatest andmetest ei piisa.<\/p>\n<p>P\u00f5llumajandus- ja toiduamet (PTA) peab koostama rakendusjuhise, mis eristab oma tarbeks kasvatamise, v\u00e4ikeses koguses otsetarne, teavitamiskohustusega tootmise ning tegevusloakohustusega tegevuse. Juhis peab andma tootjale \u00fcheselt arusaadava vastuse, kas tema tegevus vajab teavitust, tegevusluba v\u00f5i ei vaja kumbagi.<\/p>\n<p>Tootja vajab arusaama<\/p>\n<p>Kuni m\u00e4\u00e4ruse muudatus ja rakendusjuhis on ette valmistatud, tegeleb PTA tootjate n\u00f5ustamise ja selgitust\u00f6\u00f6ga. Ministri n\u00f5udmisel ei tohi tootjat asetada olukorda, kus ta peab t\u00e4itma uut kohustust ilma selge arusaamata, millist infot riik vajab, mis \u00f5iguslikul alusel seda k\u00fcsitakse ja kuidas see seostub juba olemasolevate registriandmetega.<\/p>\n<p>PTA toiduohutuse valdkonnajuht Triinu Allika \u00fctles, et PTA teeb j\u00e4relevalvet toiduk\u00e4itlejatele. &#8220;Kui inimene teeb midagi oma tarbeks, olgu see toidu valmistamine v\u00f5i p\u00f5llumajandussaaduste kasvatamine, siis sellele me j\u00e4relevalvet ei tee,&#8221; lisas ta.<\/p>\n<p>Olukord v\u00f5ib minna aga segasemaks, kui hakata m\u00e4\u00e4ratlema, kas kasvatatakse midagi enda tarbeks v\u00f5i mitte.\u00a0&#8220;Enda jaoks t\u00e4hendab, et kasvatan n\u00e4iteks endale aiasaaduseid, annan harva ka naabrile v\u00f5i kui j\u00e4\u00e4b natuke \u00fcle, pakun kuhugi m\u00fc\u00fcgiks,&#8221; selgitas Allika.\u00a0<\/p>\n<p>Ta nentis, et sellisel juhul ei sekku PTA ega riik. Kui aga keegi tegeleb j\u00e4rjepideva toiduk\u00e4itlemisega, kehtib ka teavituskohustus.\u00a0Ka kalurite ja mesinike seas on esmatootjaid. Allika selgitas, et sellisel juhul s\u00f5ltub teavituskohustus n\u00e4iteks tarude arvust v\u00f5i sellest, palju kala p\u00e4evas p\u00fc\u00fctakse. &#8220;Kui ma teen midagi suuremas koguses, m\u00f5jutab see suuremat hulka tarbijaskonda ning siis on ka kohustus,&#8221; \u00fctles ta.<\/p>\n<p>Allika s\u00f5nul on k\u00f5ige lihtsam lihat\u00f6\u00f6stustega, mis valmistavad lihatooteid ning vajavad tegevusluba. &#8220;Enne, kui ta saab tegevusega alustada, esitab ettev\u00f5te PTA-le taotluse, PTA hindab taotlusega kaasasolevaid kohustuslikke dokumente, l\u00e4heb kohapeale ja hindab tegevuspaika: kas seal on v\u00f5imalik toota, kas k\u00f5ik tingimused on t\u00e4idetud ja siis saab loa v\u00e4ljastada,&#8221; selgitas ta.<\/p>\n<p>Nii restoranide ja jaekaupluste puhul on vajalik aga teavitada PTA-d, mis on tasuta, seej\u00e4rel kantakse ettev\u00f5te toiduk\u00e4itlejate registrisse ja edasi tehakse riskip\u00f5hiseid j\u00e4relevalvetoiminguid.<\/p>\n<p>Allika s\u00f5nas, et PTA ei l\u00e4he ise otsima, kes peaks ametit teavitama, kuid pole seda teinud. K\u00fcll aga v\u00f5ib juhtuda, et nad saavad kelleltki m\u00e4rke, et m\u00f5ni asutus on j\u00e4tnud teavitamata ja siis l\u00e4heb PTA kontrollima.\u00a0<\/p>\n<p>Allika selgitas, et teavituskohustus on selleks, et kui keegi midagi s\u00fc\u00fces haigestub, siis oleks teada, kes olid toiduk\u00e4itlejad ja nii on lihtsam leida juurp\u00f5hjuseid. Ta r\u00e4\u00e4kis, et aedviljad on madala riskiga kategooria ja PTA l\u00e4htub sellest ka j\u00e4relevalvet tehes. &#8220;K\u00e4ime kontrollimas seal, kus on vaja ja kus on ka oht,&#8221; kinnitas Allika.<\/p>\n<p>Ministeerium kaasab m\u00e4\u00e4ruse muutmisse p\u00f5llumajandus- ja toiduameti, PRIA, taluliidu ja teised tootjate esindusorganisatsioonid. T\u00e4psustatud ajakava ja rakendusp\u00f5him\u00f5tted avaldatakse p\u00e4rast esmast \u00f5iguslikku ja andmep\u00f5hist anal\u00fc\u00fcsi.<\/p>\n","protected":false},"excerpt":{"rendered":"M\u00f6\u00f6dunud n\u00e4dalal andis regionaal- ja p\u00f5llumajandusministeerium v\u00e4lja teate muudatusest, mis pidi j\u00f5ustuma 1. juulil ning m\u00e4\u00e4ratlema, milline mitteloomsete&hellip;\n","protected":false},"author":2,"featured_media":218512,"comment_status":"","ping_status":"","sticky":false,"template":"","format":"standard","meta":{"footnotes":"","_share_on_mastodon":"0"},"categories":[5],"tags":[26,27,37,33,35,34,36,31,32,21,6950,28,29,19,6769,25,3446,3884,23,24,22,20,30],"class_list":["post-218511","post","type-post","status-publish","format-standard","has-post-thumbnail","category-uldised-uudised","tag-breaking-news","tag-breakingnews","tag-ee","tag-eesti","tag-eesti-keel","tag-estonia","tag-estonian","tag-featured-news","tag-featurednews","tag-headlines","tag-hendrik-johannes-terras","tag-latest-news","tag-latestnews","tag-news","tag-pollumajandus-ja-toiduamet","tag-populaarseimad-lood","tag-pria","tag-regionaal-ja-pollumajandusministeerium","tag-top-stories","tag-topstories","tag-uldised-uudised","tag-uudised","tag-viimased-uudised"],"share_on_mastodon":{"url":"https:\/\/pubeurope.com\/@ee\/116846470570694707","error":""},"_links":{"self":[{"href":"https:\/\/www.europesays.com\/ee\/wp-json\/wp\/v2\/posts\/218511","targetHints":{"allow":["GET"]}}],"collection":[{"href":"https:\/\/www.europesays.com\/ee\/wp-json\/wp\/v2\/posts"}],"about":[{"href":"https:\/\/www.europesays.com\/ee\/wp-json\/wp\/v2\/types\/post"}],"author":[{"embeddable":true,"href":"https:\/\/www.europesays.com\/ee\/wp-json\/wp\/v2\/users\/2"}],"replies":[{"embeddable":true,"href":"https:\/\/www.europesays.com\/ee\/wp-json\/wp\/v2\/comments?post=218511"}],"version-history":[{"count":0,"href":"https:\/\/www.europesays.com\/ee\/wp-json\/wp\/v2\/posts\/218511\/revisions"}],"wp:featuredmedia":[{"embeddable":true,"href":"https:\/\/www.europesays.com\/ee\/wp-json\/wp\/v2\/media\/218512"}],"wp:attachment":[{"href":"https:\/\/www.europesays.com\/ee\/wp-json\/wp\/v2\/media?parent=218511"}],"wp:term":[{"taxonomy":"category","embeddable":true,"href":"https:\/\/www.europesays.com\/ee\/wp-json\/wp\/v2\/categories?post=218511"},{"taxonomy":"post_tag","embeddable":true,"href":"https:\/\/www.europesays.com\/ee\/wp-json\/wp\/v2\/tags?post=218511"}],"curies":[{"name":"wp","href":"https:\/\/api.w.org\/{rel}","templated":true}]}}