{"id":218649,"date":"2026-07-02T02:37:16","date_gmt":"2026-07-02T02:37:16","guid":{"rendered":"https:\/\/www.europesays.com\/ee\/218649\/"},"modified":"2026-07-02T02:37:16","modified_gmt":"2026-07-02T02:37:16","slug":"vilniuses-avatud-liumagi-tekitas-lapsevanemates-muret-kergem-laps-lendab-sealt-ohku","status":"publish","type":"post","link":"https:\/\/www.europesays.com\/ee\/218649\/","title":{"rendered":"Vilniuses avatud lium\u00e4gi tekitas lapsevanemates muret: \u201eKergem laps lendab sealt \u00f5hku\u201c"},"content":{"rendered":"<p>Vahetult p\u00e4rast haljasala taasavamist postitas \u00fcks Vilniuse elanik sotsiaalmeediasse teksti, milles tundis muret lium\u00e4e turvalisuse p\u00e4rast.<\/p>\n<p>\u201eMinu viieaastane t\u00fctar laskus sealt kaks korda ja sellest aitas vist kogu eluks. V\u00e4ga j\u00e4rsk lium\u00e4gi, keskel on k\u00fchm \u2013 kergem laps lendab sealt \u00f5hku, seej\u00e4rel \u00fclej\u00e4\u00e4nud osal kiirus kasvab ja tulemus oli see, et laps maandus k\u00f5huli,\u201c kirjutas naine.<\/p>\n<p><img decoding=\"async\" src=\"https:\/\/www.europesays.com\/ee\/wp-content\/uploads\/2026\/07\/7f8130d9-4767-4929-8483-3169ec66ce27.jpg\" loading=\"lazy\" alt=\"Pelesose haljasala\"\/><\/p>\n<p>Postituse alla ilmus kiiresti sadu kommentaare. Osa inimestest n\u00f5ustus, et lium\u00e4gi v\u00f5ib olla ohtlik. \u201eEsimese r\u00e4nga traumani,\u201c arutles \u00fcks neist. Teise kommenteerija arvates peaks lium\u00e4gi olema tunduvalt laiem ja maandumisala pehmem.<\/p>\n<p>Suur hulk kommenteerijaid oli ka vastupidisel seisukohal. Nende s\u00f5nul v\u00f5ib olla probleem selles, et lium\u00e4ge kasutavad liiga v\u00e4ikesed lapsed. \u201eL\u00f5puks ometi on olemas lium\u00e4gi, mis on m\u00f5eldud vanematele lastele,\u201c kirjutas \u00fcks naine.<\/p>\n<p><a rel=\"noopener nofollow\" target=\"_blank\" href=\"https:\/\/www.delfi.ee\/teema\/96927547\/manguvaljakud\" tag-id=\"96927547\">M\u00e4nguv\u00e4ljakud<\/a> ei pea olema suunatud vaid 1\u20135-aastastele lastele, \u00f6eldi mitmetes kommentaarides. Nad lisasid, et vanemad peaksid hindama, kas konkreetse atraktsiooni kasutamine on nende lastele sobilik.<\/p>\n<p><img decoding=\"async\" src=\"https:\/\/www.europesays.com\/ee\/wp-content\/uploads\/2026\/07\/3cba8d23-eed6-4a63-a51b-f39398eb045f.jpg\" loading=\"lazy\" alt=\"Pelesose haljasala\"\/><\/p>\n<p>K\u00fcsimusi lium\u00e4e turvalisuse kohta ilmus ka Vilniuse linnavalitsuse postituse alla. \u00dchele neist kommentaaridest vastates t\u00f5i linnavalitsus v\u00e4lja asjaolu, et lium\u00e4e juures on infotahvel. Sellele on m\u00e4rgitud, et lium\u00e4gi on m\u00f5eldud kuni 65 kilogrammi kaaluvatele lastele alates 8. eluaastast. Samuti r\u00f5hutati, et lium\u00e4gi on sertifitseeritud.<\/p>\n<p>Samas t\u00f5des linnavalitsus, et teave v\u00f5iks olla paremini n\u00e4htav. \u201ePaigaldame lisaks infosildi lium\u00e4e alaossa ning kleebime vanusepiirangu kleebise otse atraktsioonile, et info oleks k\u00fclastajatele veelgi paremini n\u00e4htav,\u201c lubas linnavalitsus.<\/p>\n<p>Kuidas see lugu Sind end tundma pani? Saada <a href=\"https:\/\/www.delfi.ee\/artikkel\/120594432\/vilniuses-avatud-liumagi-tekitas-lapsevanemates-muret-kergem-laps-lendab-sealt-ohku\/kommentaarid\" class=\"article-body-bottom__comment article-body-bottom__comment--write button button--primary button--size-auto\" rel=\"nofollow noopener\" target=\"_blank\"> Kommenteeri <\/a><a href=\"https:\/\/www.delfi.ee\/artikkel\/120594432\/vilniuses-avatud-liumagi-tekitas-lapsevanemates-muret-kergem-laps-lendab-sealt-ohku\/kommentaarid\" class=\"article-body-bottom__comment article-body-bottom__comment--read button button--size-auto\" rel=\"nofollow noopener\" target=\"_blank\"> Loe kommentaare (18)<\/a><\/p>\n","protected":false},"excerpt":{"rendered":"Vahetult p\u00e4rast haljasala taasavamist postitas \u00fcks Vilniuse elanik sotsiaalmeediasse teksti, milles tundis muret lium\u00e4e turvalisuse p\u00e4rast. \u201eMinu viieaastane&hellip;\n","protected":false},"author":2,"featured_media":218650,"comment_status":"","ping_status":"","sticky":false,"template":"","format":"standard","meta":{"footnotes":"","_share_on_mastodon":"0"},"categories":[80],"tags":[26,27,37,33,35,34,36,31,32,21,28,29,95,69242,19,25,23,24,22,20,30,7911,92,93,94],"class_list":["post-218649","post","type-post","status-publish","format-standard","has-post-thumbnail","category-maailm","tag-breaking-news","tag-breakingnews","tag-ee","tag-eesti","tag-eesti-keel","tag-estonia","tag-estonian","tag-featured-news","tag-featurednews","tag-headlines","tag-latest-news","tag-latestnews","tag-maailm","tag-manguvaljakud","tag-news","tag-populaarseimad-lood","tag-top-stories","tag-topstories","tag-uldised-uudised","tag-uudised","tag-viimased-uudised","tag-vilnius","tag-world","tag-world-news","tag-worldnews"],"share_on_mastodon":{"url":"https:\/\/pubeurope.com\/@ee\/116848062948287121","error":""},"_links":{"self":[{"href":"https:\/\/www.europesays.com\/ee\/wp-json\/wp\/v2\/posts\/218649","targetHints":{"allow":["GET"]}}],"collection":[{"href":"https:\/\/www.europesays.com\/ee\/wp-json\/wp\/v2\/posts"}],"about":[{"href":"https:\/\/www.europesays.com\/ee\/wp-json\/wp\/v2\/types\/post"}],"author":[{"embeddable":true,"href":"https:\/\/www.europesays.com\/ee\/wp-json\/wp\/v2\/users\/2"}],"replies":[{"embeddable":true,"href":"https:\/\/www.europesays.com\/ee\/wp-json\/wp\/v2\/comments?post=218649"}],"version-history":[{"count":0,"href":"https:\/\/www.europesays.com\/ee\/wp-json\/wp\/v2\/posts\/218649\/revisions"}],"wp:featuredmedia":[{"embeddable":true,"href":"https:\/\/www.europesays.com\/ee\/wp-json\/wp\/v2\/media\/218650"}],"wp:attachment":[{"href":"https:\/\/www.europesays.com\/ee\/wp-json\/wp\/v2\/media?parent=218649"}],"wp:term":[{"taxonomy":"category","embeddable":true,"href":"https:\/\/www.europesays.com\/ee\/wp-json\/wp\/v2\/categories?post=218649"},{"taxonomy":"post_tag","embeddable":true,"href":"https:\/\/www.europesays.com\/ee\/wp-json\/wp\/v2\/tags?post=218649"}],"curies":[{"name":"wp","href":"https:\/\/api.w.org\/{rel}","templated":true}]}}