{"id":218754,"date":"2026-07-02T06:16:10","date_gmt":"2026-07-02T06:16:10","guid":{"rendered":"https:\/\/www.europesays.com\/ee\/218754\/"},"modified":"2026-07-02T06:16:10","modified_gmt":"2026-07-02T06:16:10","slug":"uha-rohkem-lapsi-sunnib-taas-abielus-vanematele-eesti","status":"publish","type":"post","link":"https:\/\/www.europesays.com\/ee\/218754\/","title":{"rendered":"\u00dcha rohkem lapsi s\u00fcnnib taas abielus vanematele | Eesti"},"content":{"rendered":"<p>Kuigi s\u00fcndimus p\u00fcstitas Eestis 2025. aastal uue negatiivse rekordi: s\u00fcndis vaid 9240 last, toob statistikaamet huvitava suundumusena v\u00e4lja, et viimastel aastatel on n\u00e4ha abielus\u00fcndimuse osat\u00e4htsuse kasvu.<\/p>\n<p>2025. aastal s\u00fcndis abielus vanematele 47,7 protsenti lastest, 2010. aastal oli selle osakaal 40,9 protsenti, teatas statistikaamet.<\/p>\n<p>Abielus\u00fcndimuse osat\u00e4htsus v\u00e4henes alla 50 protsendi 1990. aastate keskel. Enne seda, 1970.\u201380. aastatel s\u00fcndis enamik lapsi abielus vanemate perre.<\/p>\n<p>&#8220;\u00dchelt poolt on loogiline, et s\u00fcnnitamisvanuse nihkumisel vanemasse ikka on j\u00e4rjest rohkem inimesi, kes on selleks ajaks j\u00f5udnud abielluda,&#8221; m\u00e4rkis statistikaameti rahvastiku- ja haridusstatistika teenusejuht Kadri Rootalu.<\/p>\n<p>N\u00e4iteks 30. eluaastates emadel oli abielus\u00fcndimuse osakaal mullu napilt \u00fcle 50 protsendi, alla 20-aastaste puhul aga 17 protsendi.<\/p>\n<p>&#8220;Teisalt v\u00f5ib arvata, et ebastabiilses majandus- ja julgeolekukeskkonnas soovitakse enne laste saamist v\u00f5imalikult suurt turvalisust ning abielu v\u00f5ib seda juriidilises m\u00f5ttes ka pakkuda,&#8221; arutles Rootalu.<\/p>\n<p><img decoding=\"async\" data-photo-id=\"3691285\" src=\"https:\/\/www.europesays.com\/ee\/wp-content\/uploads\/2026\/07\/3691285h406ft24.jpg\"\/>Abielus\u00fcndimuse osat\u00e4htsus Autor\/allikas: Statistikaamet<\/p>\n<p>Enamasti ei ole abielu enne lapse s\u00fcndi siiski kestnud v\u00e4ga pikalt: 19 protsendil juhtudest oli abielu enne lapse s\u00fcndi kestnud alla \u00fche aasta, 28 protsendil juhtudest \u00fcks kuni kaks aastat.<\/p>\n<p>&#8220;Seejuures tuleb arvestada, et tegemist ei ole ainult esimeste laste s\u00fcndidega. 2025. aastal s\u00fcndis abielupaaridele 1671 esiklast ning on n\u00e4ha, et \u00fcha rohkem inimesi hakkab pere looma p\u00e4rast mitut abieluaastat,&#8221; t\u00e4psustas Rootalu.<\/p>\n<p>Statistikaameti andmetel olid v\u00e4rsked emad mullu keskmiselt 31,2-aastased. Esmas\u00fcnnitajate keskmine vanus oli 29,4 aastat ning see on aastaga kasvanud kuue kuu v\u00f5rra. <a href=\"https:\/\/www.err.ee\/1610037769\/esmasunnitaja-keskmine-vanus-uletas-30-aasta-piiri\" target=\"_blank\" rel=\"noopener nofollow\">Samuti s\u00fcndide statistikat anal\u00fc\u00fcsiva Tervise Arengu Instituudi andmetel<\/a> kerkis aga esmas\u00fcnnitajate keskmine vanus mullu esimest korda 30 eluaastast k\u00f5rgemale, t\u00e4psemalt 30,1 aasta peale.<\/p>\n<p>K\u00f5ige rohkem s\u00fcnnitasid naised m\u00f6\u00f6dunud aastal 30. eluaastates: ligi kolmandik naistest oli lapse ilmale tulles 30\u201334-aastane. Veerand s\u00fcnnitajatest oli vanuses 25\u201329 aastat, peaaegu sama palju oli ka 34\u201339-aastaselt s\u00fcnnitanud naisi. 40-aastaseid ja vanemaid s\u00fcnnitajaid oli 8 protsenti ning nende osakaal on aastate jooksul suurenenud (v\u00f5rdluseks: 2000. aastal oli 40-aastaseid ja vanemaid s\u00fcnnitajaid vaid kaks protsenti ning arvuliselt 2,7 korda v\u00e4hem kui praegu).<\/p>\n<p>Alla 16-aastaseid emasid on viimastel aastatel olnud vaid \u00fcksikuid, 2000. aastate alguses oli neid igal aastal mituk\u00fcmmend.<\/p>\n","protected":false},"excerpt":{"rendered":"Kuigi s\u00fcndimus p\u00fcstitas Eestis 2025. aastal uue negatiivse rekordi: s\u00fcndis vaid 9240 last, toob statistikaamet huvitava suundumusena v\u00e4lja,&hellip;\n","protected":false},"author":2,"featured_media":218755,"comment_status":"","ping_status":"","sticky":false,"template":"","format":"standard","meta":{"footnotes":"","_share_on_mastodon":"0"},"categories":[14],"tags":[23472,131,130,37,33,35,34,36,1321,3830],"class_list":["post-218754","post","type-post","status-publish","format-standard","has-post-thumbnail","category-ari","tag-abiellumine","tag-ari","tag-business","tag-ee","tag-eesti","tag-eesti-keel","tag-estonia","tag-estonian","tag-rahvastik","tag-sundimus"],"share_on_mastodon":{"url":"https:\/\/pubeurope.com\/@ee\/116848924306234486","error":""},"_links":{"self":[{"href":"https:\/\/www.europesays.com\/ee\/wp-json\/wp\/v2\/posts\/218754","targetHints":{"allow":["GET"]}}],"collection":[{"href":"https:\/\/www.europesays.com\/ee\/wp-json\/wp\/v2\/posts"}],"about":[{"href":"https:\/\/www.europesays.com\/ee\/wp-json\/wp\/v2\/types\/post"}],"author":[{"embeddable":true,"href":"https:\/\/www.europesays.com\/ee\/wp-json\/wp\/v2\/users\/2"}],"replies":[{"embeddable":true,"href":"https:\/\/www.europesays.com\/ee\/wp-json\/wp\/v2\/comments?post=218754"}],"version-history":[{"count":0,"href":"https:\/\/www.europesays.com\/ee\/wp-json\/wp\/v2\/posts\/218754\/revisions"}],"wp:featuredmedia":[{"embeddable":true,"href":"https:\/\/www.europesays.com\/ee\/wp-json\/wp\/v2\/media\/218755"}],"wp:attachment":[{"href":"https:\/\/www.europesays.com\/ee\/wp-json\/wp\/v2\/media?parent=218754"}],"wp:term":[{"taxonomy":"category","embeddable":true,"href":"https:\/\/www.europesays.com\/ee\/wp-json\/wp\/v2\/categories?post=218754"},{"taxonomy":"post_tag","embeddable":true,"href":"https:\/\/www.europesays.com\/ee\/wp-json\/wp\/v2\/tags?post=218754"}],"curies":[{"name":"wp","href":"https:\/\/api.w.org\/{rel}","templated":true}]}}