{"id":218837,"date":"2026-07-02T08:29:14","date_gmt":"2026-07-02T08:29:14","guid":{"rendered":"https:\/\/www.europesays.com\/ee\/218837\/"},"modified":"2026-07-02T08:29:14","modified_gmt":"2026-07-02T08:29:14","slug":"elenger-ja-alexela-langetavad-augustis-gaasi-hinda-majandus","status":"publish","type":"post","link":"https:\/\/www.europesays.com\/ee\/218837\/","title":{"rendered":"Elenger ja Alexela langetavad augustis gaasi hinda | Majandus"},"content":{"rendered":"<p>Kaks suuremat gaasim\u00fc\u00fcjat, Elenger ja Alexela, langetavad augustis kodutarbijatele maagaasi hinda.<\/p>\n<p>Elenger langetab augustis paindliku paketi hinda 0,68 eurole kuupmeetrist, juulis on selles paketis kuupmeetri hinnaks 0,74 eurot.<\/p>\n<p>Alexela muutuvhinnaga paketi hinnaks on augustis 0,664 eurot kuupmeetrist, juulis on selles paketis kuupmeetri hind 0,723 eurot.<\/p>\n<p>Nii Alexela kui ka Elenger t\u00f5stsid j\u00e4rsult kodutarbijatele hinda maikuus, kui seni alla 0,6 euro maksnud kuupmeetri hind t\u00f5steti 0,8 euro tasemele. Aasta alguses maksis gaasi kuupmeeter kodutarbijale Elengeril 0,54 ja Alexelal 0,52 eurot.<\/p>\n<p>Hollandi gaasib\u00f6rsil TTF, millest s\u00f5ltub gaasi jaehind Eestis, langes gaasi hind juuni keskpaigas m\u00e4rkimisv\u00e4\u00e4rselt, 50 euro tasemelt megavatt-tunnist 40 euro tasemele. Praeguseks on megavatt-tunni hind m\u00f5ne euro v\u00f5rra t\u00f5usnud.<\/p>\n<p>Gaasi hind kerkis eriti k\u00f5rgele t\u00e4navu m\u00e4rtsis, kui TTF-is oli megavatt-tunni hinnaks pea 62 eurot.<\/p>\n","protected":false},"excerpt":{"rendered":"Kaks suuremat gaasim\u00fc\u00fcjat, Elenger ja Alexela, langetavad augustis kodutarbijatele maagaasi hinda. Elenger langetab augustis paindliku paketi hinda 0,68&hellip;\n","protected":false},"author":2,"featured_media":218838,"comment_status":"","ping_status":"","sticky":false,"template":"","format":"standard","meta":{"footnotes":"","_share_on_mastodon":"0"},"categories":[14],"tags":[7377,131,130,37,33,35,7380,34,36,7376,1352,7381],"class_list":["post-218837","post","type-post","status-publish","format-standard","has-post-thumbnail","category-ari","tag-alexela","tag-ari","tag-business","tag-ee","tag-eesti","tag-eesti-keel","tag-elenger","tag-estonia","tag-estonian","tag-gaas","tag-maagaas","tag-ttf"],"share_on_mastodon":{"url":"https:\/\/pubeurope.com\/@ee\/116849447074640040","error":""},"_links":{"self":[{"href":"https:\/\/www.europesays.com\/ee\/wp-json\/wp\/v2\/posts\/218837","targetHints":{"allow":["GET"]}}],"collection":[{"href":"https:\/\/www.europesays.com\/ee\/wp-json\/wp\/v2\/posts"}],"about":[{"href":"https:\/\/www.europesays.com\/ee\/wp-json\/wp\/v2\/types\/post"}],"author":[{"embeddable":true,"href":"https:\/\/www.europesays.com\/ee\/wp-json\/wp\/v2\/users\/2"}],"replies":[{"embeddable":true,"href":"https:\/\/www.europesays.com\/ee\/wp-json\/wp\/v2\/comments?post=218837"}],"version-history":[{"count":0,"href":"https:\/\/www.europesays.com\/ee\/wp-json\/wp\/v2\/posts\/218837\/revisions"}],"wp:featuredmedia":[{"embeddable":true,"href":"https:\/\/www.europesays.com\/ee\/wp-json\/wp\/v2\/media\/218838"}],"wp:attachment":[{"href":"https:\/\/www.europesays.com\/ee\/wp-json\/wp\/v2\/media?parent=218837"}],"wp:term":[{"taxonomy":"category","embeddable":true,"href":"https:\/\/www.europesays.com\/ee\/wp-json\/wp\/v2\/categories?post=218837"},{"taxonomy":"post_tag","embeddable":true,"href":"https:\/\/www.europesays.com\/ee\/wp-json\/wp\/v2\/tags?post=218837"}],"curies":[{"name":"wp","href":"https:\/\/api.w.org\/{rel}","templated":true}]}}