{"id":21894,"date":"2025-10-17T15:51:10","date_gmt":"2025-10-17T15:51:10","guid":{"rendered":"https:\/\/www.europesays.com\/ee\/21894\/"},"modified":"2025-10-17T15:51:10","modified_gmt":"2025-10-17T15:51:10","slug":"hollas-ja-remmelg-murdsid-end-kaugel-aasias-mk-etapil-16-parema-hulka","status":"publish","type":"post","link":"https:\/\/www.europesays.com\/ee\/21894\/","title":{"rendered":"Hollas ja Remmelg murdsid end kaugel Aasias MK-etapil 16 parema hulka"},"content":{"rendered":"<p>Tegemist on\u00a0Challenge-taseme turniiriga. Esimeses alagrupim\u00e4ngus kaotati Tai paarile Manerat Udomchavee &#8211; Rumpaipruet Numwong 13:21, 21:15, 9:15, edasi p\u00e4\u00e4semiseks\u00a0tuli j\u00e4rgmine vastane kindlasti v\u00f5ita. Sellega saadi ka hakkama,\u00a0kolmanda asetuse saanud USA \u00f5ed\u00a0Morgan\u00a0ja\u00a0Alaina Chacon\u00a0alistati kindlalt 21:15, 21:16.<\/p>\n<p>N\u00f5nda j\u00f5uti 24 parema hulka, kus kohtuti leedulannade\u00a0Jekaterina Saule ja Daniele Kvedaraitega. Hollas\u00a0ja Remmelg\u00a0j\u00e4tkasid heas r\u00fctmis, v\u00f5ites taas m\u00f5lemad geimid. Seekord oli tulemuseks 21:17, 21:18.<\/p>\n<p>V\u00f5iduga j\u00f5uti kaheksandikfinaali, kus laup\u00e4eval kohtutakse tailannade Taravadee Naraphornrapati\u00a0ja\u00a0Worapeerachayakorn Kongphopsarutawadeega.<\/p>\n","protected":false},"excerpt":{"rendered":"Tegemist on\u00a0Challenge-taseme turniiriga. Esimeses alagrupim\u00e4ngus kaotati Tai paarile Manerat Udomchavee &#8211; Rumpaipruet Numwong 13:21, 21:15, 9:15, edasi p\u00e4\u00e4semiseks\u00a0tuli&hellip;\n","protected":false},"author":2,"featured_media":21895,"comment_status":"","ping_status":"","sticky":false,"template":"","format":"standard","meta":{"footnotes":""},"categories":[18],"tags":[37,33,35,34,36,12505,7565,12506,5614,159,158],"class_list":{"0":"post-21894","1":"post","2":"type-post","3":"status-publish","4":"format-standard","5":"has-post-thumbnail","7":"category-sport","8":"tag-ee","9":"tag-eesti","10":"tag-eesti-keel","11":"tag-estonia","12":"tag-estonian","13":"tag-heleene-hollas","14":"tag-heleene-hollas-liisa-remmelg","15":"tag-liisa-remmelg","16":"tag-rannavorkpall","17":"tag-sport","18":"tag-sports"},"share_on_mastodon":{"url":"","error":""},"_links":{"self":[{"href":"https:\/\/www.europesays.com\/ee\/wp-json\/wp\/v2\/posts\/21894","targetHints":{"allow":["GET"]}}],"collection":[{"href":"https:\/\/www.europesays.com\/ee\/wp-json\/wp\/v2\/posts"}],"about":[{"href":"https:\/\/www.europesays.com\/ee\/wp-json\/wp\/v2\/types\/post"}],"author":[{"embeddable":true,"href":"https:\/\/www.europesays.com\/ee\/wp-json\/wp\/v2\/users\/2"}],"replies":[{"embeddable":true,"href":"https:\/\/www.europesays.com\/ee\/wp-json\/wp\/v2\/comments?post=21894"}],"version-history":[{"count":0,"href":"https:\/\/www.europesays.com\/ee\/wp-json\/wp\/v2\/posts\/21894\/revisions"}],"wp:featuredmedia":[{"embeddable":true,"href":"https:\/\/www.europesays.com\/ee\/wp-json\/wp\/v2\/media\/21895"}],"wp:attachment":[{"href":"https:\/\/www.europesays.com\/ee\/wp-json\/wp\/v2\/media?parent=21894"}],"wp:term":[{"taxonomy":"category","embeddable":true,"href":"https:\/\/www.europesays.com\/ee\/wp-json\/wp\/v2\/categories?post=21894"},{"taxonomy":"post_tag","embeddable":true,"href":"https:\/\/www.europesays.com\/ee\/wp-json\/wp\/v2\/tags?post=21894"}],"curies":[{"name":"wp","href":"https:\/\/api.w.org\/{rel}","templated":true}]}}