{"id":218945,"date":"2026-07-02T10:22:38","date_gmt":"2026-07-02T10:22:38","guid":{"rendered":"https:\/\/www.europesays.com\/ee\/218945\/"},"modified":"2026-07-02T10:22:38","modified_gmt":"2026-07-02T10:22:38","slug":"oligarhi-ukrainlannast-armuke-kaotas-monaco-plahvatuses-molemad-jalad","status":"publish","type":"post","link":"https:\/\/www.europesays.com\/ee\/218945\/","title":{"rendered":"Oligarhi ukrainlannast armuke kaotas Monaco plahvatuses m\u00f5lemad jalad"},"content":{"rendered":"<p>46-aastane Anna Nasobina sai raskelt vigastada Monaco elumajas toimunud plahvatuses, mille t\u00f5ttu ta kaotas m\u00f5lemad jalad. Uurijate hinnangul oli r\u00fcnnaku tegelik sihtm\u00e4rk tema miljon\u00e4rist elukaaslane, 58-aastane Vadim Jermolajev.<\/p>\n<p>Nasobina viibib haigla intensiivraviosakonnas kriitilises seisundis. Vigastada said ka Jermolajev ning tema ja Nasobina 13-aastane poeg, kes viibis plahvatuse ajal koos nendega, vahendas Daily Mail.<\/p>\n","protected":false},"excerpt":{"rendered":"46-aastane Anna Nasobina sai raskelt vigastada Monaco elumajas toimunud plahvatuses, mille t\u00f5ttu ta kaotas m\u00f5lemad jalad. Uurijate hinnangul&hellip;\n","protected":false},"author":2,"featured_media":218946,"comment_status":"","ping_status":"","sticky":false,"template":"","format":"standard","meta":{"footnotes":"","_share_on_mastodon":"0"},"categories":[5],"tags":[26,27,37,33,35,67,34,36,31,32,21,28,29,4988,19,25,998,4989,2928,23,24,22,20,30],"class_list":["post-218945","post","type-post","status-publish","format-standard","has-post-thumbnail","category-uldised-uudised","tag-breaking-news","tag-breakingnews","tag-ee","tag-eesti","tag-eesti-keel","tag-elustiil","tag-estonia","tag-estonian","tag-featured-news","tag-featurednews","tag-headlines","tag-latest-news","tag-latestnews","tag-moeuudised","tag-news","tag-populaarseimad-lood","tag-sobranna","tag-soovitused","tag-suhted","tag-top-stories","tag-topstories","tag-uldised-uudised","tag-uudised","tag-viimased-uudised"],"share_on_mastodon":{"url":"https:\/\/pubeurope.com\/@ee\/116849891267303182","error":""},"_links":{"self":[{"href":"https:\/\/www.europesays.com\/ee\/wp-json\/wp\/v2\/posts\/218945","targetHints":{"allow":["GET"]}}],"collection":[{"href":"https:\/\/www.europesays.com\/ee\/wp-json\/wp\/v2\/posts"}],"about":[{"href":"https:\/\/www.europesays.com\/ee\/wp-json\/wp\/v2\/types\/post"}],"author":[{"embeddable":true,"href":"https:\/\/www.europesays.com\/ee\/wp-json\/wp\/v2\/users\/2"}],"replies":[{"embeddable":true,"href":"https:\/\/www.europesays.com\/ee\/wp-json\/wp\/v2\/comments?post=218945"}],"version-history":[{"count":0,"href":"https:\/\/www.europesays.com\/ee\/wp-json\/wp\/v2\/posts\/218945\/revisions"}],"wp:featuredmedia":[{"embeddable":true,"href":"https:\/\/www.europesays.com\/ee\/wp-json\/wp\/v2\/media\/218946"}],"wp:attachment":[{"href":"https:\/\/www.europesays.com\/ee\/wp-json\/wp\/v2\/media?parent=218945"}],"wp:term":[{"taxonomy":"category","embeddable":true,"href":"https:\/\/www.europesays.com\/ee\/wp-json\/wp\/v2\/categories?post=218945"},{"taxonomy":"post_tag","embeddable":true,"href":"https:\/\/www.europesays.com\/ee\/wp-json\/wp\/v2\/tags?post=218945"}],"curies":[{"name":"wp","href":"https:\/\/api.w.org\/{rel}","templated":true}]}}