{"id":219002,"date":"2026-07-02T11:27:11","date_gmt":"2026-07-02T11:27:11","guid":{"rendered":"https:\/\/www.europesays.com\/ee\/219002\/"},"modified":"2026-07-02T11:27:11","modified_gmt":"2026-07-02T11:27:11","slug":"oudus-%e2%9f%a9-kanada-poiss-arkas-nahkhiir-naos-kahe-nadala-parast-oli-laps-surnud-2","status":"publish","type":"post","link":"https:\/\/www.europesays.com\/ee\/219002\/","title":{"rendered":"\u00d5UDUS \u27e9 Kanada poiss \u00e4rkas, nahkhiir n\u00e4os: kahe n\u00e4dala p\u00e4rast oli laps surnud"},"content":{"rendered":"<p>Esialgu ei esinenud tal haigusn\u00e4hte, kuid 19 p\u00e4eva p\u00e4rast kokkupuudet hakkasid ilmnema marutaudile iseloomulikud s\u00fcmptomid. Poiss oksendas ning tundis n\u00e4os surinat ja tuimust. Ta viidi haigla erakorralise meditsiini osakonda, kus talle osutati toetavat ravi. Kuna marutaudile puudub p\u00e4rast s\u00fcmptomite avaldumist t\u00f5hus ravi, l\u00f5ppes haigus surmaga, vahendas Metro.<\/p>\n","protected":false},"excerpt":{"rendered":"Esialgu ei esinenud tal haigusn\u00e4hte, kuid 19 p\u00e4eva p\u00e4rast kokkupuudet hakkasid ilmnema marutaudile iseloomulikud s\u00fcmptomid. Poiss oksendas ning&hellip;\n","protected":false},"author":2,"featured_media":218974,"comment_status":"","ping_status":"","sticky":false,"template":"","format":"standard","meta":{"footnotes":"","_share_on_mastodon":"0"},"categories":[80],"tags":[26,27,37,33,35,34,36,31,32,21,2856,2853,2855,549,28,29,1978,1089,285,2854,2858,95,2835,19,25,23,24,2857,22,20,570,30,92,93,94],"class_list":["post-219002","post","type-post","status-publish","format-standard","has-post-thumbnail","category-maailm","tag-breaking-news","tag-breakingnews","tag-ee","tag-eesti","tag-eesti-keel","tag-estonia","tag-estonian","tag-featured-news","tag-featurednews","tag-headlines","tag-hooldamine","tag-kass","tag-koduloom","tag-koer","tag-latest-news","tag-latestnews","tag-lemmik","tag-lind","tag-loodus","tag-loom","tag-loomaaed","tag-maailm","tag-metsloom","tag-news","tag-populaarseimad-lood","tag-top-stories","tag-topstories","tag-toug","tag-uldised-uudised","tag-uudised","tag-vaktsineerimine","tag-viimased-uudised","tag-world","tag-world-news","tag-worldnews"],"share_on_mastodon":{"url":"https:\/\/pubeurope.com\/@ee\/116850146942341283","error":""},"_links":{"self":[{"href":"https:\/\/www.europesays.com\/ee\/wp-json\/wp\/v2\/posts\/219002","targetHints":{"allow":["GET"]}}],"collection":[{"href":"https:\/\/www.europesays.com\/ee\/wp-json\/wp\/v2\/posts"}],"about":[{"href":"https:\/\/www.europesays.com\/ee\/wp-json\/wp\/v2\/types\/post"}],"author":[{"embeddable":true,"href":"https:\/\/www.europesays.com\/ee\/wp-json\/wp\/v2\/users\/2"}],"replies":[{"embeddable":true,"href":"https:\/\/www.europesays.com\/ee\/wp-json\/wp\/v2\/comments?post=219002"}],"version-history":[{"count":0,"href":"https:\/\/www.europesays.com\/ee\/wp-json\/wp\/v2\/posts\/219002\/revisions"}],"wp:featuredmedia":[{"embeddable":true,"href":"https:\/\/www.europesays.com\/ee\/wp-json\/wp\/v2\/media\/218974"}],"wp:attachment":[{"href":"https:\/\/www.europesays.com\/ee\/wp-json\/wp\/v2\/media?parent=219002"}],"wp:term":[{"taxonomy":"category","embeddable":true,"href":"https:\/\/www.europesays.com\/ee\/wp-json\/wp\/v2\/categories?post=219002"},{"taxonomy":"post_tag","embeddable":true,"href":"https:\/\/www.europesays.com\/ee\/wp-json\/wp\/v2\/tags?post=219002"}],"curies":[{"name":"wp","href":"https:\/\/api.w.org\/{rel}","templated":true}]}}