{"id":219006,"date":"2026-07-02T11:36:30","date_gmt":"2026-07-02T11:36:30","guid":{"rendered":"https:\/\/www.europesays.com\/ee\/219006\/"},"modified":"2026-07-02T11:36:30","modified_gmt":"2026-07-02T11:36:30","slug":"uleminekuaken-avanes-12-valiseestlast-keda-ootab-suvel-ilmselt-klubivahetus-soccernet-ee","status":"publish","type":"post","link":"https:\/\/www.europesays.com\/ee\/219006\/","title":{"rendered":"\u00dcleminekuaken avanes! 12 v\u00e4liseestlast, keda ootab suvel ilmselt klubivahetus &#8211; Soccernet.ee"},"content":{"rendered":"<p><img decoding=\"async\" src=\"https:\/\/www.europesays.com\/ee\/wp-content\/uploads\/2026\/07\/1743780786.jpg\" alt=\"Patrik Kristal j\u00e4rgmine hooaeg v\u00f5ib-olla K\u00f6lni s\u00e4rki ei kanna. Foto: Scanpix \/ Stefan Brauer \/ imago images\"\/>&#13;\n<\/p>\n<p>1. juulil avanes paljudes riikides suvine \u00fcleminekuaken. Soccernet.ee koostas nimekirja v\u00f5\u00f5rsil m\u00e4ngivatest Eesti jalgpalluritest, kelle tulevik on suvel lahtine. Nende seas on nii vabaagente, lepinguga m\u00e4ngijaid, laenule minejaid kui ka neid, kes otsivad senisest k\u00f5rgemat taset.<\/p>\n<p>K\u00f5igi puhul ei t\u00e4henda see tingimata, et lahkumine on juba otsustatud v\u00f5i \u00fcleminek vormistamisel. M\u00f5nel juhul viitavad v\u00f5imalikule muutusele konkreetne huvi ja l\u00e4bir\u00e4\u00e4kimised, teisel juhul l\u00f5ppenud leping v\u00f5i soov uue v\u00e4ljakutse j\u00e4rele.&#13;\n<\/p>\n<p><a href=\"https:\/\/soccernet.ee\/fotod\/es-fredrikstad-valerenga\" rel=\"nofollow noopener\" target=\"_blank\"><img decoding=\"async\" src=\"https:\/\/www.europesays.com\/ee\/wp-content\/uploads\/2026\/07\/1776021835.jpg\" alt=\"Rocco Robert Shein. Foto: Katariina Peetson \"\/><\/a>&#13;\n<\/p>\n<p>1. Rocco Robert Shein<br \/>&#13;<br \/>\n&#13;\n<\/p>\n<p>Praegu Fredrikstadi ridadesse kuuluva poolkaitsja kohta on \u00fcleminekusahinaid viimasel ajal ilmselt enim kuulda olnud. Shein liitus Norra k\u00f5rgliigaklubiga mullu veebruaris, kuid kohalike v\u00e4ljaannete kohaselt on m\u00e4ngija l\u00e4hiajal liitumas Inglismaa esiliiga klubi FC Portsmouthiga.<\/p>\n<p>Portsmouth News kirjutas kolmap\u00e4eval, et Inglismaa esiliigaklubi on j\u00f5udnud Sheiniga \u00fclemineku osas kokkuleppele. \u00dcleminek on l\u00f5pule viimise \u00e4\u00e4rel, sest Portsmouth j\u00f5udis Fredrikstadiga \u00fcleminekusumma osas kokkuleppele ja samuti on Sheiniga paika pandud lepingu tingimused. Shein l\u00e4heb Inglise klubile Portsmouth Newsi andmetel maksma umbes 2,4 miljonit eurot.\u00a0&#13;\n<\/p>\n<p>Sheini vastu on huvi tundnud samuti Inglismaa esiliigas m\u00e4ngivad Millwall ja Cardiff City. Saksamaa \u00fclemikuekspert Dominik Schneider kirjutas juuni algul, et Sheinile on tehtud pakkumine ka \u00fchest Norra k\u00f5rgliiga tippklubist.&#13;\n<\/p>\n<p>Sheini leping  kehtib Fredrikstadis 2028. aasta l\u00f5puni, kuid on aina t\u00f5en\u00e4olisem, et klubi saab eestlase m\u00fc\u00fcgi eest kopsaka summa.\u00a0&#13;\n<\/p>\n<p>2. Karol Mets&#13;\n<\/p>\n<p>Eesti koondise kapteni leping Saksamaa klubiga St. Pauli on l\u00f5ppenud. Mets oli kuu aega enne hooaja l\u00f5ppu klubiga kokkuleppe teinud, et kui Bundesligasse p\u00fcsima j\u00e4\u00e4dakse, pikendab ta lepingut. St. Pauli langes aga paraku Saksamaa esiliigasse ning n\u00fc\u00fcdseks on Mets vabaagent.<\/p>\n<p>Keskkaitsja r\u00e4\u00e4kis Soccernetile &#8220;\u00dcks \u00fchele&#8221; jutusaates, et pakkumisi on tal juba laual, kuid ei kiirusta veel kuhugi alla kirjutama. &#8220;Tahan olla \u00f5nnelik, kui sellele lepingule alla kirjutan. Siis saan rahus t\u00f6\u00f6d teha. Kui teen midagi, mida mu hing teha ei taha, siis tunnen, et m\u00fc\u00fcn ennast kuskil maha, kus ma tegelikult olla ei taha,&#8221; r\u00e4\u00e4kis Mets.&#13;\n<\/p>\n<p>Veebruaris kirjutas St. Pauli tegemisi p\u00f5hjalikult kajastav v\u00e4ljaanne Hamburger Abendblatt, et Metsa noolivad Ameerika k\u00f5rgliiga ehk MLS-i ning T\u00fcrgi klubid. Koondise kapten \u00fctles &#8220;\u00dcks \u00fchele&#8221; saates, et MLS-i vastu on tal huvi olemas. &#8220;Kui kogu see liiga ja kogemus ja elamus kokku panna, siis seda kogeda oleks kindlasti huvi,&#8221; \u00fctles Mets Ameerika k\u00f5rgliiga kohta.&#13;\n<\/p>\n<p><img decoding=\"async\" src=\"https:\/\/www.europesays.com\/ee\/wp-content\/uploads\/2026\/07\/1780386280.jpg\" alt=\"Kristofer K\u00e4it. Foto: Liisi Troska \/ jalgpall.ee\"\/>&#13;\n<\/p>\n<p>3. Kristofer K\u00e4it&#13;\n<\/p>\n<p>Eelmise aasta algul Portimonensesse siirdunud Kristofer K\u00e4idi leping on Portugali klubiga l\u00f5ppenud. K\u00e4idi endine koduklubi kuulub Portugali esiliigasse, kuid seal eestlane platsile ei saanud, vaid sai m\u00e4nguminuteid U23 liigas klubi duubelmeeskonna eest. &#8220;Kohalikud hindavad seda liigat &#8211; seal on palju noori, kes v\u00f5etakse suurematesse klubidesse ja isegi Inglismaa Premier League&#8217;i. L\u00f5puks on see aga ikkagi U23 liiga, seal on paljude meeskondade duubelsatsid. Ma ise aga tunnen, et tahaks natuke suuremat v\u00e4ljakutset, midagi uut. Ei soovi seal enam m\u00e4ngida,&#8221; \u00fctles K\u00e4it juuni alguses Soccernetile.<\/p>\n<p>Keskkaitsja eesm\u00e4rk on j\u00e4tkata v\u00e4lismaal m\u00e4ngimist. K\u00e4it on kinnitanud, et tal on pakkumine juba laual, kuid midagi rohkemat pole ta avaldanud. &#8220;Midagi ma praegu kindlalt ei \u00fctle, vaatame, mis mulle l\u00f5puks k\u00f5ige parem on. Muidugi peab agendiga l\u00e4bi r\u00e4\u00e4kima, mida tema n\u00e4eb ja mida mina n\u00e4en,&#8221; r\u00e4\u00e4kis K\u00e4it.&#13;\n<\/p>\n<p>4. Karel Mustmaa&#13;\n<\/p>\n<p>Sarnaselt K\u00e4idile ei ole ka Mustmaa enda klubi esindusmeeskonda l\u00e4bimurret teinud, j\u00e4ttes sellega t\u00e4itmata Kreekasse siirdumisel p\u00fcstitatud eesm\u00e4rgi. Eelmisel suvel Thessaloniki PAOK-iga liitunud Harju JK Laagri kasvandik m\u00e4ngis m\u00f6\u00f6dunud hooajal Kreeka esiliigas PAOK-i duubelmeeskonnas ning sai 24 m\u00e4nguga kirja neli v\u00e4ravat ja viis v\u00e4ravas\u00f6\u00f6tu.&#13;\n<\/p>\n<p><a href=\"https:\/\/soccernet.ee\/artikkel\/isegi-mangud-a-koondises-ei-viinud-mustmaad-paok-i-esindustiimi-juurde-mis-saab-edasi\" rel=\"nofollow noopener\" target=\"_blank\">Mustmaa r\u00e4\u00e4kis juunis Soccernet.ee-le<\/a>,\u00a0et tema jaoks ei tundu esindusmeeskonda j\u00f5udmine praegu reaalne. Lisaks teeb v\u00e4lismaalasena l\u00e4bimurde keerulisemaks kohalike noorm\u00e4ngijate eelistamine. Hooaja l\u00f5pus sai r\u00fcndaja ka tavap\u00e4rasest v\u00e4hem m\u00e4nguaega, kuid seda saab selgitada asjaoluga, et peale p\u00fcsimaj\u00e4\u00e4mise kindlustamist anti vahetusm\u00e4ngijatele rohkem minuteid.<\/p>\n<p>Leping PAOK-iga kehtib Mustmaal 2028. aasta suveni, kuid suvine \u00fcleminek tundub hetkel m\u00f5lemale osapoolele kasulik. Nii U21 kui ka A-koondise eest hiljuti s\u00e4ranud m\u00e4ngumees on end koondises\u00e4rgis positiivsest k\u00fcljest n\u00e4idanud ning ehk on see ka skautidele silma j\u00e4\u00e4nud!&#13;\n<\/p>\n<p><img decoding=\"async\" src=\"https:\/\/www.europesays.com\/ee\/wp-content\/uploads\/2026\/07\/1710797976.jpg\" alt=\"Oliver J\u00fcrgens. Foto: Liisi Troska \/ jalgpall.ee\"\/>&#13;\n<\/p>\n<p>5. Oliver J\u00fcrgens&#13;\n<\/p>\n<p>Mullu novembris Albaania k\u00f5rgliigaklubi KF Teutaga liitunud J\u00fcrgens j\u00e4rgneval hooajal seal ei j\u00e4tka, seega on noor eestlane vabaagent ning otsib uut meeskonda.<\/p>\n<p>J\u00fcrgens sai Albaanis platsile 17 korral, kuuludes 11 korda ka Teuta algkoosseisu. Tema arvele j\u00e4i kaks v\u00e4ravas\u00f6\u00f6tu.\u00a0\u00a0&#13;\n<\/p>\n<p>J\u00fcrgens on m\u00e4nginud viies erinevas v\u00e4lisriigis \u2014 noorena Itaalias Hellas Verona, Roma, Milano Interi ja Torino akadeemiates, t\u00e4iskasvanuna Ungaris Ujpestis, Slovakkias Dunajska Stredas, Hispaanias madalamates liigades Ponferradinas ja Elche duublis ning n\u00fc\u00fcd Albaanias. Eestis pallides kuulus ta Lasnam\u00e4e Ajaxi, Tallinna Levadia, Tallinna Kalevi, Harju Laagri, N\u00f5mme Kalju ja N\u00f5mme Unitedi ridadesse.\u00a0&#13;\n<\/p>\n<p>6. Erik Sorga&#13;\n<\/p>\n<p>Sorga liitus veebruaris F\u00e4\u00e4ri saarte klubiga HB, kuid l\u00f5petas nendega isiklikel p\u00f5hjustel lepingu ning on hetkel klubita. Sorga <a href=\"https:\/\/soccernet.ee\/artikkel\/igav-kallis-ja-perest-eemal-faaridelt-lahkunud-sorga-ma-ei-suutnud-seda-vaimselt-taluda\" rel=\"nofollow noopener\" target=\"_blank\">r\u00e4\u00e4kis Soccernet.ee-le maikuus<\/a>, et otsustas lahkuda, kuna ei suutnud sealset igap\u00e4evaelu ja perest eemalolekut vaimselt taluda.\u00a0&#13;\n<\/p>\n<p>HB eest osales Sorga kaheksas kohtumises, kuid v\u00e4ravatearvet ta avada ei j\u00f5udnud.\u00a0&#13;\n<\/p>\n<p>Eesti koondise eest 31 m\u00e4ngu kirja saanud r\u00fcndaja on lisaks Eestile ja F\u00e4\u00e4ri saartele m\u00e4nginud ka\u00a0USA-s, Hollandis, Rootsis, Bulgaarias, Aserbaid\u017eaanis ja Vietnamis.\u00a0&#13;\n<\/p>\n<p><img decoding=\"async\" src=\"https:\/\/www.europesays.com\/ee\/wp-content\/uploads\/2026\/07\/1773772677.jpg\" alt=\"M\u00e4rten Kuusk. Foto: Scanpix \/ Dariusz Hermiersz \/ Newspix\"\/>&#13;\n<\/p>\n<p>7. M\u00e4rten Kuusk&#13;\n<\/p>\n<p>Kuusk on n\u00fc\u00fcdseks Poola k\u00f5rgliigaklubi GKS Katowici eest m\u00e4nginud kaks ja pool hooaega. M\u00f6\u00f6dunud hooaega kirjeldas keskkaitsja Soccernetile kui individuaalselt &#8220;\u00fcles-alla&#8221; k\u00e4inud hooaega. Kuusk j\u00e4ttis t\u00fctre s\u00fcnni ning hiljem ka vigastuse t\u00f5ttu m\u00e4nge vahele ning seet\u00f5ttu pidi ta algkoosseisu tagasi saamise nimel k\u00f5vasti pingutama.\u00a0&#13;\n<\/p>\n<p>Tema leping ajaloolise eurokoha saavutanud Katowicega kehtib j\u00e4rgmise aasta suveni. Juunis Soccernetile antud intervjuu k\u00e4igus \u00fctles Kuusk, et soovib m\u00e4nguminutite eest v\u00f5idelda ja j\u00e4rgmine hooaeg eurom\u00e4ngudel koduklubi esindada. Kuid klubivahetust Kuusk t\u00e4ielikult ei v\u00e4lista. &#8220;Olen veel t\u00e4ielikult Katowice m\u00e4ngija. Eks muidugi mingid m\u00f5tted ja plaanid on, v\u00e4listada ei saa praegu midagi.&#8221;&#13;\n<\/p>\n<p>Esimesel t\u00e4ishooajal Poola k\u00f5rgliigas ehk Ekstralasas sai Eesti keskkaitsja kirja 27 kohtumist ja 1898 minutit, kuid l\u00f5ppenud hooajal 15 kohtumist ja 850 minutit.&#13;\n<\/p>\n<p>8. Ioan Yakovlev&#13;\n<\/p>\n<p>Ioan Yakovlev v\u00f5ib sel suvel liikuda Kreeka k\u00f5rgliigasse. Ta t\u00f6\u00f6andja on Kreeka esiliigaklubi Panionios, kuid Eesti koondislane on klubi presidendile teada andnud, et tahab midagi uut proovida, <a href=\"https:\/\/soccernet.ee\/artikkel\/sn-rwandas-ioan-yakovlev-on-poneva-teate-ootel-kas-kreeka-korgliiga-lopuks-koidabki\" rel=\"nofollow noopener\" target=\"_blank\">r\u00e4\u00e4kis Yakovlev m\u00e4rtsi l\u00f5pus Soccernet.ee-le<\/a>. Kuigi vahepeal on mitu kuud m\u00f6\u00f6dunud, ei ole sellel rindel hetkel rohkem teateid tulnud.&#13;\n<\/p>\n<p>Tema vastu tunneb t\u00f5sist huvi \u00fcks Kreeka k\u00f5rgliigaklubi, kes teda hooaja v\u00e4ltel j\u00e4lgis ning kes on talle juba ka lepingut pakkunud. Takistuseks v\u00f5ib saada aasta jagu kehtiv leping Panioniosega, kus Yakovlev on nii klubi kui f\u00e4nnide seas hinnatud m\u00e4ngija.&#13;\n<\/p>\n<p>M\u00f6\u00f6dunud hooajal sai Yakovlev 21 m\u00e4nguga kirja \u00fche v\u00e4rava ja kolm v\u00e4ravas\u00f6\u00f6tu. Transfermarkt n\u00e4eb, et tema turuv\u00e4\u00e4rtus on hetkel 275 tuhat eurot.\u00a0&#13;\n<\/p>\n<p><img decoding=\"async\" src=\"https:\/\/www.europesays.com\/ee\/wp-content\/uploads\/2026\/07\/1774556344.jpg\" alt=\"Patrik Kristal. Foto: Liisi Troska \/ jalgpall.ee\"\/>&#13;\n<\/p>\n<p>9. Patrik Kristal&#13;\n<\/p>\n<p>16-aastaselt FC K\u00f6lniga lepingu s\u00f5lminud Kristal on n\u00fc\u00fcdseks klubi duubelmeeskonna eest m\u00e4nginud poolteist hooaega. L\u00e4bimurret esindusmeeskonda ei ole veel toimunud, kuigi keskv\u00e4ljamees on duublis arenenud ja end t\u00f5estanud.\u00a0 Kristali peatreener Evangelos Sbonias on nimetanud teda stabiilsuse ja kaitset\u00f6\u00f6 poolest kohati meeskonna s\u00fcdameks.\u00a0&#13;\n<\/p>\n<p>Paar n\u00e4dalat tagasi <a href=\"https:\/\/www.youtube.com\/watch?v=awKbPWgdgps&amp;t=1565s\" target=\"_blank\" rel=\"nofollow noopener\">\u00fctles Kristal krehvtises &#8220;Jalkalebo&#8221; saates<\/a> ka ise v\u00e4lja, et l\u00e4heb t\u00f5en\u00e4oliselt K\u00f6lnist laenule. Ta lisas, et tahab k\u00f5rgemas liigas m\u00e4ngida. N\u00fc\u00fcd tuleb vaid oodata, et n\u00e4ha, milline on Kristali j\u00e4rgmine samm.&#13;\n<\/p>\n<p>10. Katrin Kirpu&#13;\n<\/p>\n<p>Kirpu s\u00f5lmis jaanuaris lepingu Horvaatia tippklubi \u017dNK Agramiga. Eesti koondise r\u00fcndem\u00e4ngija krooniti sel hooajal Horvaatia karikav\u00f5itjaks ning Kirpu l\u00f5i finaalis v\u00e4ravagi. Agram l\u00f5petas liigahooaja teisel kohal.\u00a0&#13;\n<\/p>\n<p>Kirpu leping Agramiga kestis vaid hooaja l\u00f5puni. Hetkel ei ole veel teada, kuhu Eesti koondislane j\u00e4rgmisena l\u00e4heb, kuid ta on uutele pakkumistele avatud.&#13;\n<\/p>\n<p><img decoding=\"async\" src=\"https:\/\/www.europesays.com\/ee\/wp-content\/uploads\/2026\/07\/1780429833.jpeg\" alt=\"Kubassova l\u00f5i finaalseerias kolm v\u00e4ravat. Foto: erakogu\" style=\"width: 799px; max-width: 100%; color: rgb(0, 0, 0); font-family: Lato, sans-serif; font-size: 18px;\"\/>&#13;\n<\/p>\n<p>11. Vlada Kubassova&#13;\n<\/p>\n<p>Kubassova on Ungari k\u00f5rgliigaklubi Ferencvarose eest v\u00f5itnud kolme hooajaga kolm meistritiitlit. <a href=\"https:\/\/soccernet.ee\/artikkel\/kolm-hooaega-kolm-meistritiitlit-mone-aasta-eest-end-peaaegu-maha-kandnud-kubassova-et-kas-igav-ei-hakka\" rel=\"nofollow noopener\" target=\"_blank\">Ta tunnistas Soccernet.ee-le juunis<\/a>, et on uue v\u00e4ljakutse peale m\u00f5elnud.\u00a0&#13;\n<\/p>\n<p>Eelmisel suvel Ferencvarosega uue aastase lepingu s\u00f5lminud 30-aastasel Kubassoval p\u00e4ris uut paberit laual pole, kuid ilmselt on eestlannal v\u00f5imalus koduklubis j\u00e4tkata. &#8220;Saan aru, et see variant on mul olemas, aga v\u00f5ib-olla tahaks midagi muud proovida. Mingeid teisi pakkumisi praegu ei ole, aga eks on veel aega vaadata, mida tulevik toob. Ega ma ise ka ei tea, mida teha,&#8221; nentis Kubassova.\u00a0&#13;\n<\/p>\n<p>12.\u00a0 Aleksandr \u0160apovalov&#13;\n<\/p>\n<p>Aleksandr \u0160apovalovi m\u00e4ngija\u00f5igused vahetasid Kreekas omanikku ja need kuuluvad n\u00fc\u00fcdsest Syrose Ellasele, kuid m\u00e4ngijal uue klubiga veel lepingut s\u00f5lmitud pole, sest tervisekontroll on veel l\u00e4bimata.&#13;\n<\/p>\n<p><a href=\"https:\/\/soccernet.ee\/artikkel\/kas-karjaar-jatkub-kreekas-siin-teavad-koik-kes-on-sapovalov\" rel=\"nofollow noopener\" target=\"_blank\">T\u00e4navu mais r\u00e4\u00e4kis \u0160apovalov Soccernet.ee-le<\/a>, et isegi kui Egaleo j\u00e4\u00e4nuks Kreeka esiliigasse p\u00fcsima, oleks ta uut koduklubi otsinud. &#8220;Leppisime kohe alguses kokku, et mul on leping suveni ja siis lahkun,&#8221; s\u00f5nas ta.&#13;\n<\/p>\n<p>&#8220;Olukord on selline, et andsin kirjaliku n\u00f5usoleku, et l\u00e4hen 1. augustil nende klubisse \u00fcle, kui l\u00e4bin tervisekontrolli positiivse tulemusega,&#8221; <a href=\"https:\/\/soccernet.ee\/artikkel\/kas-karjaar-jatkub-kreekas-siin-teavad-koik-kes-on-sapovalov\" rel=\"nofollow noopener\" target=\"_blank\">kommenteeris \u0160apovalov uue koduklubi ametliku teate j\u00e4rel Soccernet.ee-le<\/a>\u00a0. Ta lisas, et tervisekontroll viiakse l\u00e4bi juuli l\u00f5pus.&#13;\n<\/p>\n<p>Endist koduklubi Volose Nikit esindas \u0160apovalov pooleteise hooaja jooksul 28 korda, l\u00f5i kaheksa v\u00e4ravat ning andis kaks resultatiivset s\u00f6\u00f6tu.\u00a0                         <\/p>\n","protected":false},"excerpt":{"rendered":"&#13; 1. juulil avanes paljudes riikides suvine \u00fcleminekuaken. Soccernet.ee koostas nimekirja v\u00f5\u00f5rsil m\u00e4ngivatest Eesti jalgpalluritest, kelle tulevik on&hellip;\n","protected":false},"author":2,"featured_media":219007,"comment_status":"","ping_status":"","sticky":false,"template":"","format":"standard","meta":{"footnotes":"","_share_on_mastodon":"0"},"categories":[18],"tags":[1630,37,33,35,10869,34,36,1882,24478,6576,6886,5040,9308,9309,7231,6577,1032,3093,3095,5176,6892,1812,921,3097,7966,3098,10872,159,158,28594,1035,5035],"class_list":["post-219006","post","type-post","status-publish","format-standard","has-post-thumbnail","category-sport","tag-aleksandr-sapovalov","tag-ee","tag-eesti","tag-eesti-keel","tag-erik-sorga","tag-estonia","tag-estonian","tag-ioan-yakovlev","tag-jurgens","tag-kait","tag-karel-mustmaa","tag-karol-mets","tag-katrin-kirpu","tag-kirpu","tag-kristal","tag-kristofer-kait","tag-kubassova","tag-kuusk","tag-marten-kuusk","tag-mets","tag-mustmaa","tag-oliver-jurgens","tag-patrik-kristal","tag-rocco-robert-shein","tag-sapovalov","tag-shein","tag-sorga","tag-sport","tag-sports","tag-uleminek","tag-vlada-kubassova","tag-yakovlev"],"share_on_mastodon":{"url":"https:\/\/pubeurope.com\/@ee\/116850182801148761","error":""},"_links":{"self":[{"href":"https:\/\/www.europesays.com\/ee\/wp-json\/wp\/v2\/posts\/219006","targetHints":{"allow":["GET"]}}],"collection":[{"href":"https:\/\/www.europesays.com\/ee\/wp-json\/wp\/v2\/posts"}],"about":[{"href":"https:\/\/www.europesays.com\/ee\/wp-json\/wp\/v2\/types\/post"}],"author":[{"embeddable":true,"href":"https:\/\/www.europesays.com\/ee\/wp-json\/wp\/v2\/users\/2"}],"replies":[{"embeddable":true,"href":"https:\/\/www.europesays.com\/ee\/wp-json\/wp\/v2\/comments?post=219006"}],"version-history":[{"count":0,"href":"https:\/\/www.europesays.com\/ee\/wp-json\/wp\/v2\/posts\/219006\/revisions"}],"wp:featuredmedia":[{"embeddable":true,"href":"https:\/\/www.europesays.com\/ee\/wp-json\/wp\/v2\/media\/219007"}],"wp:attachment":[{"href":"https:\/\/www.europesays.com\/ee\/wp-json\/wp\/v2\/media?parent=219006"}],"wp:term":[{"taxonomy":"category","embeddable":true,"href":"https:\/\/www.europesays.com\/ee\/wp-json\/wp\/v2\/categories?post=219006"},{"taxonomy":"post_tag","embeddable":true,"href":"https:\/\/www.europesays.com\/ee\/wp-json\/wp\/v2\/tags?post=219006"}],"curies":[{"name":"wp","href":"https:\/\/api.w.org\/{rel}","templated":true}]}}