{"id":219008,"date":"2026-07-02T11:38:12","date_gmt":"2026-07-02T11:38:12","guid":{"rendered":"https:\/\/www.europesays.com\/ee\/219008\/"},"modified":"2026-07-02T11:38:12","modified_gmt":"2026-07-02T11:38:12","slug":"haigusega-voitlevat-kadorovit-pole-esimest-korda-uhtse-venemaa-valimisnimekirjas","status":"publish","type":"post","link":"https:\/\/www.europesays.com\/ee\/219008\/","title":{"rendered":"Haigusega v\u00f5itlevat Kad\u00f5rovit pole esimest korda \u00dchtse Venemaa valimisnimekirjas"},"content":{"rendered":"<p>Kad\u00f5rov ei k\u00e4inud m\u00f6\u00f6dunud n\u00e4dalavahetusel toimunud \u00dchtse <a rel=\"noopener nofollow\" target=\"_blank\" href=\"https:\/\/www.delfi.ee\/teema\/3\/venemaa\" tag-id=\"3\">Venemaa<\/a> parteikongressil. Tema avalikud esinemised on j\u00e4\u00e4nud j\u00e4rjest harvemaks. Esimest korda 19 aasta jooksul pole teda riigiduuma valimistel partei nimekirjas. Seni on ta parlamendivalimistel alati juhtinud oma vabariigi regionaalset fraktsiooni, vahendab Meduza.<\/p>\n<p>Partei nimekirja juhivad n\u00fc\u00fcd riigiduuma liikmed \u0160amsail Saralijev, Ruslan Let\u0161had\u017eijev ja Ahmed Dogajev, samuti Kad\u00f5rovi liitlane, T\u0161et\u0161eenia peaminister Magomed Daudov, tema esimene aset\u00e4itja Isa Tumhad\u017eijev ja administratsiooni juht Galass Taimashanov. <\/p>\n<p>Kuuldused Kad\u00f5rovi kehvast tervisest valitsevad juba ammu. Varem raporteeris T\u00fcrgi meedia, et ta olevat kohalikus luksuslikus hotellis peaaegu uppunud ja teda pidi elustama. Juhtunut ei selgitatud. Kad\u00f5rov postitas p\u00e4rast seda endast sotsiaalmeediasse kaks j\u00f5usaalis tehtud videot, et t\u00f5endada oma kehalist heaolu. J\u00e4lgijad aga nentisid Kad\u00f5rovi kiiret kaalulangust.<\/p>\n<p>Aastal 2024 raporteeris Novaja Gazeta, et valitsejal diagnoositi k\u00f5hun\u00e4\u00e4rme haigus. <\/p>\n<p><a href=\"http:\/\/www.delfi.ee\/artikkel\/120395272\/kadorov-kuulutas-et-on-terve-ning-alustas-voitlust-laimu-ja-desinformatsiooniga#dalrel-in-article\" class=\"content-embedded-articles-single__embedded-article\" data-v-469265ed=\"\" rel=\"nofollow noopener\" target=\"_blank\"><\/p>\n<p> 06.08.2025 <\/p>\n<p> Kad\u00f5rov kuulutas, et on terve, ning alustas v\u00f5itlust laimu ja desinformatsiooniga  (13) <\/p>\n<p><\/a>Kuidas see lugu Sind end tundma pani? Saada <a href=\"https:\/\/www.delfi.ee\/artikkel\/120594574\/haigusega-voitlev-kadorov-puudub-esimest-korda-uhtse-venemaa-valimisnimekirjast\/kommentaarid\" class=\"article-body-bottom__comment article-body-bottom__comment--write button button--primary button--size-auto\" rel=\"nofollow noopener\" target=\"_blank\"> Kommenteeri <\/a><a href=\"https:\/\/www.delfi.ee\/artikkel\/120594574\/haigusega-voitlev-kadorov-puudub-esimest-korda-uhtse-venemaa-valimisnimekirjast\/kommentaarid\" class=\"article-body-bottom__comment article-body-bottom__comment--read button button--size-auto\" rel=\"nofollow noopener\" target=\"_blank\"> Loe kommentaare (9)<\/a><\/p>\n","protected":false},"excerpt":{"rendered":"Kad\u00f5rov ei k\u00e4inud m\u00f6\u00f6dunud n\u00e4dalavahetusel toimunud \u00dchtse Venemaa parteikongressil. Tema avalikud esinemised on j\u00e4\u00e4nud j\u00e4rjest harvemaks. Esimest korda&hellip;\n","protected":false},"author":2,"featured_media":219009,"comment_status":"","ping_status":"","sticky":false,"template":"","format":"standard","meta":{"footnotes":"","_share_on_mastodon":"0"},"categories":[80],"tags":[26,27,37,33,35,34,36,31,32,21,28,29,95,19,25,638,23,24,637,22,20,96,30,92,93,94],"class_list":["post-219008","post","type-post","status-publish","format-standard","has-post-thumbnail","category-maailm","tag-breaking-news","tag-breakingnews","tag-ee","tag-eesti","tag-eesti-keel","tag-estonia","tag-estonian","tag-featured-news","tag-featurednews","tag-headlines","tag-latest-news","tag-latestnews","tag-maailm","tag-news","tag-populaarseimad-lood","tag-ramzan-kadorov","tag-top-stories","tag-topstories","tag-tsetseenia","tag-uldised-uudised","tag-uudised","tag-venemaa","tag-viimased-uudised","tag-world","tag-world-news","tag-worldnews"],"share_on_mastodon":{"url":"https:\/\/pubeurope.com\/@ee\/116850191093731113","error":""},"_links":{"self":[{"href":"https:\/\/www.europesays.com\/ee\/wp-json\/wp\/v2\/posts\/219008","targetHints":{"allow":["GET"]}}],"collection":[{"href":"https:\/\/www.europesays.com\/ee\/wp-json\/wp\/v2\/posts"}],"about":[{"href":"https:\/\/www.europesays.com\/ee\/wp-json\/wp\/v2\/types\/post"}],"author":[{"embeddable":true,"href":"https:\/\/www.europesays.com\/ee\/wp-json\/wp\/v2\/users\/2"}],"replies":[{"embeddable":true,"href":"https:\/\/www.europesays.com\/ee\/wp-json\/wp\/v2\/comments?post=219008"}],"version-history":[{"count":0,"href":"https:\/\/www.europesays.com\/ee\/wp-json\/wp\/v2\/posts\/219008\/revisions"}],"wp:featuredmedia":[{"embeddable":true,"href":"https:\/\/www.europesays.com\/ee\/wp-json\/wp\/v2\/media\/219009"}],"wp:attachment":[{"href":"https:\/\/www.europesays.com\/ee\/wp-json\/wp\/v2\/media?parent=219008"}],"wp:term":[{"taxonomy":"category","embeddable":true,"href":"https:\/\/www.europesays.com\/ee\/wp-json\/wp\/v2\/categories?post=219008"},{"taxonomy":"post_tag","embeddable":true,"href":"https:\/\/www.europesays.com\/ee\/wp-json\/wp\/v2\/tags?post=219008"}],"curies":[{"name":"wp","href":"https:\/\/api.w.org\/{rel}","templated":true}]}}