{"id":21909,"date":"2025-10-17T16:06:12","date_gmt":"2025-10-17T16:06:12","guid":{"rendered":"https:\/\/www.europesays.com\/ee\/21909\/"},"modified":"2025-10-17T16:06:12","modified_gmt":"2025-10-17T16:06:12","slug":"analuus-ropendamine-sildistamine-ja-teiste-tumitamine-neil-valimistel-naitasid-poliitikud-sotsiaalmeedias-oma-toelist-palet-tartu-postimees","status":"publish","type":"post","link":"https:\/\/www.europesays.com\/ee\/21909\/","title":{"rendered":"ANAL\u00dc\u00dcS Ropendamine, sildistamine ja teiste t\u00fcmitamine. Neil valimistel n\u00e4itasid poliitikud sotsiaalmeedias oma t\u00f5elist palet &#8211; Tartu Postimees"},"content":{"rendered":"<ol>\n<li><a href=\"https:\/\/news.google.com\/rss\/articles\/CBMi7wFBVV95cUxPM3I5MmdCSW9YQXRqdkkyWlpLS0JkdW5sdUpEUEFKZk51b3ExczlXTHZ4dlhweVRLT09FQWJIckVTMjJvNXpteU9tYi1nS1Z6ZW1iUkwxVE9PMDJ6NzJCMkdtcWJWX0FLZ2pZSFZsSnNUbHpQLWk2azlXMEc5SWNzSzhJN044UEpqd1I5ODF3ZExWQi1IMWluUXhwOXUtRDNyUHhqVHMwZDItRk5EWG8teWgyZGp2UDNtZ3huZ1J2aEtpZTV2MU5yS2dQeVVoREpnZzEtYS03WTlQWWxuOE9LNGhOWUVZUXlNMW0taHEtbw?oc=5\" target=\"_blank\" rel=\"nofollow noopener\">ANAL\u00dc\u00dcS Ropendamine, sildistamine ja teiste t\u00fcmitamine. Neil valimistel n\u00e4itasid poliitikud sotsiaalmeedias oma t\u00f5elist palet<\/a>&nbsp;&nbsp;Tartu Postimees<\/li>\n<li><a href=\"https:\/\/news.google.com\/rss\/articles\/CBMiswFBVV95cUxOVlRneTQtQVBUNHpfdU9zeWhVUDVRbkh5X0o4NFN4WE9Wd1FlVmlaTm5zTWZNVm02Z3pPSDl5amQwRk4xWW9Bc1IxOWFsMDIzRUMxYlpjbjk5YjBzaXZVMFlzLTJpQmpsX2hyMHJEcWdqeWZUNS1MWXVLRGhibUtaRUtOLUJGRkU1bWthT2k1SWctM24yX25sbWVSbkNUYnI2bjBhQ1JsaWpUVXZYV2xDM200QQ?oc=5\" target=\"_blank\" rel=\"nofollow noopener\">V\u00c4RSKE PODCAST \u27e9 Otsuse aeg on k\u00e4es. Mis mulje j\u00e4tsid t\u00e4navused valimiskampaaniad?<\/a>&nbsp;&nbsp;Tartu Postimees<\/li>\n<li><a href=\"https:\/\/news.google.com\/rss\/articles\/CBMizgFBVV95cUxPUGVkakxpQm0yRU1QTlJ3czluNjYwbGdpTHdIbVBZckN6bmotNFVkTnZrWmZCNXlUUWtONW10bDZyWUlaYmdlaW1GVHpEaS0ybGhNMDlHLVZtV0o5TFFPeGlsTzYtX09udlJnYzF3c1hGdWc4Zkl3NjNMMzAwUElZNG0zTmdjSE15UzdXbUxwdlI3S2l5cllsYlc1blg3TmZKc2l6YnUzaDRaVVV0LXlQNS1GSGl2X0kwaWF0MHgwcUVrdTZLVmVVbTlxNWw5Zw?oc=5\" target=\"_blank\" rel=\"nofollow noopener\">Persoonibr\u00e4ndingu ekspert hoiatab: TikToki vallutanud poliitikud riskivad oma maine ja kapitaliga<\/a>&nbsp;&nbsp;\u00d5htuleht<\/li>\n<\/ol>\n","protected":false},"excerpt":{"rendered":"ANAL\u00dc\u00dcS Ropendamine, sildistamine ja teiste t\u00fcmitamine. Neil valimistel n\u00e4itasid poliitikud sotsiaalmeedias oma t\u00f5elist palet&nbsp;&nbsp;Tartu Postimees V\u00c4RSKE PODCAST \u27e9&hellip;\n","protected":false},"author":2,"featured_media":21910,"comment_status":"","ping_status":"","sticky":false,"template":"","format":"standard","meta":{"footnotes":"","_share_on_mastodon":"0"},"categories":[5],"tags":[26,27,12525,37,33,35,34,36,31,32,12523,21,5922,12521,28,29,12522,12524,19,25,397,2424,328,23,24,12519,22,20,670,12520,2762,30],"class_list":["post-21909","post","type-post","status-publish","format-standard","has-post-thumbnail","category-uldised-uudised","tag-breaking-news","tag-breakingnews","tag-daniel-koiv","tag-ee","tag-eesti","tag-eesti-keel","tag-estonia","tag-estonian","tag-featured-news","tag-featurednews","tag-gretel-juhansoo","tag-headlines","tag-instagram","tag-kris-karner","tag-latest-news","tag-latestnews","tag-maia-klaassen","tag-mihkel-lees","tag-news","tag-populaarseimad-lood","tag-sotsiaalmeedia","tag-tartu-ulikool","tag-tiktok","tag-top-stories","tag-topstories","tag-uhismeedia","tag-uldised-uudised","tag-uudised","tag-valimised","tag-valimiskampaaniad","tag-valimisreklaam","tag-viimased-uudised"],"share_on_mastodon":{"url":"","error":""},"_links":{"self":[{"href":"https:\/\/www.europesays.com\/ee\/wp-json\/wp\/v2\/posts\/21909","targetHints":{"allow":["GET"]}}],"collection":[{"href":"https:\/\/www.europesays.com\/ee\/wp-json\/wp\/v2\/posts"}],"about":[{"href":"https:\/\/www.europesays.com\/ee\/wp-json\/wp\/v2\/types\/post"}],"author":[{"embeddable":true,"href":"https:\/\/www.europesays.com\/ee\/wp-json\/wp\/v2\/users\/2"}],"replies":[{"embeddable":true,"href":"https:\/\/www.europesays.com\/ee\/wp-json\/wp\/v2\/comments?post=21909"}],"version-history":[{"count":0,"href":"https:\/\/www.europesays.com\/ee\/wp-json\/wp\/v2\/posts\/21909\/revisions"}],"wp:featuredmedia":[{"embeddable":true,"href":"https:\/\/www.europesays.com\/ee\/wp-json\/wp\/v2\/media\/21910"}],"wp:attachment":[{"href":"https:\/\/www.europesays.com\/ee\/wp-json\/wp\/v2\/media?parent=21909"}],"wp:term":[{"taxonomy":"category","embeddable":true,"href":"https:\/\/www.europesays.com\/ee\/wp-json\/wp\/v2\/categories?post=21909"},{"taxonomy":"post_tag","embeddable":true,"href":"https:\/\/www.europesays.com\/ee\/wp-json\/wp\/v2\/tags?post=21909"}],"curies":[{"name":"wp","href":"https:\/\/api.w.org\/{rel}","templated":true}]}}