{"id":219114,"date":"2026-07-02T13:50:10","date_gmt":"2026-07-02T13:50:10","guid":{"rendered":"https:\/\/www.europesays.com\/ee\/219114\/"},"modified":"2026-07-02T13:50:10","modified_gmt":"2026-07-02T13:50:10","slug":"juustutootja-andre-farm-lahkus-suurematest-jaekettidest-eesti","status":"publish","type":"post","link":"https:\/\/www.europesays.com\/ee\/219114\/","title":{"rendered":"Juustutootja Andre Farm lahkus suurematest jaekettidest | Eesti"},"content":{"rendered":"<p>Tartumaal tegutsev juustutootja Andre Farm on l\u00f5petanud juustu m\u00fc\u00fcgi valdavates jaekettides, kuna m\u00fc\u00fcgis\u00fcsteem on muutunud liiga kulukaks.<\/p>\n<p>Juuni keskel teatas farm sotsiaalmeedias, et tootmise v\u00e4hendamise p\u00f5hjus on soov loobuda nende hinnangul liiga kalliks muutunud m\u00fc\u00fcgis\u00fcsteemist. &#8220;Lihtsalt ei taha suure s\u00fcsteemi hammasrataste vahel lasta end jahvatada. S\u00fcsteem ise ei olnud midagi keerulist, aga lihtsalt meie jaoks liiga kallis,&#8221; kirjutas ettev\u00f5te.<\/p>\n<p>Andre Farmi perenaine Erika Koroleva \u00fctles <a href=\"https:\/\/www.aripaev.ee\/uudised\/2026\/07\/02\/hinnatud-juustufarm-tombas-mahtu-kokku-ja-valjus-poekettidest-me-ei-pea-hambad-ristis-osalema\" target=\"_blank\" rel=\"noopener nofollow\">\u00c4rip\u00e4evale<\/a>, et kui farm sooviks j\u00e4tkata senise m\u00fc\u00fcgimudeliga, tuleks t\u00f5sta juustu hinda. Tema s\u00f5nul lisanduvad jaem\u00fc\u00fcgis mitmed vahenduskulud, mist\u00f5ttu muutuks l\u00f5pptoote hind tarbijale ebam\u00f5istlikult k\u00f5rgeks.<\/p>\n<p>\u00c4rip\u00e4eva teatel on m\u00fc\u00fcgikanalite muutmise t\u00f5ttu v\u00e4henenud ka tootmismaht. Andre Farm tootis varem kuus kuni kaheksa tonni juustu kuus. Praegu on toodang ligikaudu kolm tonni kuus.<\/p>\n<p>&#8220;Enda laiskusastme juures on see, et niimoodi laias arvestuses me v\u00f5ime toota ja m\u00fc\u00fca poole v\u00e4hem, kasum ja k\u00e4ive muidugi kukuvad, aga kasumlikkus v\u00f5i m\u00f5istlikkus tootmise juures oleks samal tasemel,&#8221; lausus Koroleva \u00c4rip\u00e4evale.<\/p>\n<p>Juustutootja teatel leiab nende kaupa edaspidi \u00fcksikutest kauplustest, restoranidest, laatadelt ning farmi talupoest ja e-poest.\u00a0<\/p>\n<p>Andre Farmi juust on p\u00e4lvinud mitu rahvusvahelist tunnustust ning olnud ka Eesti parimaks valitud juust.\u00a0<\/p>\n","protected":false},"excerpt":{"rendered":"Tartumaal tegutsev juustutootja Andre Farm on l\u00f5petanud juustu m\u00fc\u00fcgi valdavates jaekettides, kuna m\u00fc\u00fcgis\u00fcsteem on muutunud liiga kulukaks. Juuni&hellip;\n","protected":false},"author":2,"featured_media":219115,"comment_status":"","ping_status":"","sticky":false,"template":"","format":"standard","meta":{"footnotes":"","_share_on_mastodon":"0"},"categories":[14],"tags":[47271,131,130,37,33,35,89642,34,36,2949,17352],"class_list":["post-219114","post","type-post","status-publish","format-standard","has-post-thumbnail","category-ari","tag-andre-farm","tag-ari","tag-business","tag-ee","tag-eesti","tag-eesti-keel","tag-erika-koroleva","tag-estonia","tag-estonian","tag-juust","tag-talu"],"share_on_mastodon":{"url":"https:\/\/pubeurope.com\/@ee\/116850709386406136","error":""},"_links":{"self":[{"href":"https:\/\/www.europesays.com\/ee\/wp-json\/wp\/v2\/posts\/219114","targetHints":{"allow":["GET"]}}],"collection":[{"href":"https:\/\/www.europesays.com\/ee\/wp-json\/wp\/v2\/posts"}],"about":[{"href":"https:\/\/www.europesays.com\/ee\/wp-json\/wp\/v2\/types\/post"}],"author":[{"embeddable":true,"href":"https:\/\/www.europesays.com\/ee\/wp-json\/wp\/v2\/users\/2"}],"replies":[{"embeddable":true,"href":"https:\/\/www.europesays.com\/ee\/wp-json\/wp\/v2\/comments?post=219114"}],"version-history":[{"count":0,"href":"https:\/\/www.europesays.com\/ee\/wp-json\/wp\/v2\/posts\/219114\/revisions"}],"wp:featuredmedia":[{"embeddable":true,"href":"https:\/\/www.europesays.com\/ee\/wp-json\/wp\/v2\/media\/219115"}],"wp:attachment":[{"href":"https:\/\/www.europesays.com\/ee\/wp-json\/wp\/v2\/media?parent=219114"}],"wp:term":[{"taxonomy":"category","embeddable":true,"href":"https:\/\/www.europesays.com\/ee\/wp-json\/wp\/v2\/categories?post=219114"},{"taxonomy":"post_tag","embeddable":true,"href":"https:\/\/www.europesays.com\/ee\/wp-json\/wp\/v2\/tags?post=219114"}],"curies":[{"name":"wp","href":"https:\/\/api.w.org\/{rel}","templated":true}]}}