{"id":219220,"date":"2026-07-02T16:30:11","date_gmt":"2026-07-02T16:30:11","guid":{"rendered":"https:\/\/www.europesays.com\/ee\/219220\/"},"modified":"2026-07-02T16:30:11","modified_gmt":"2026-07-02T16:30:11","slug":"video-kristjan-joekalda-pani-ollesummeril-pusti-oma-muugileti-paljud-ei-teagi-et-ma-teen-lauamange","status":"publish","type":"post","link":"https:\/\/www.europesays.com\/ee\/219220\/","title":{"rendered":"VIDEO | Kristjan J\u00f5ekalda pani \u00d5llesummeril p\u00fcsti oma m\u00fc\u00fcgileti. \u201ePaljud ei teagi, et ma teen lauam\u00e4nge\u201c"},"content":{"rendered":"<p>\u201eTegelikult on nii, et eks ma olen \u00d5llesummeritel kogu aeg ise ju kohal olnud. Aga minu \u00fclesanne on olnud rohkem kulutada seda va kesvam\u00e4rga ja ringi liikuda rahva vahel. Seekord m\u00f5tlesin, et miks mitte \u2013 kui mul need m\u00e4ngud juba on kodus kasti sees olemas, v\u00f5tan kaasa, tulen pakun ka teistele, \u00e4kki m\u00f5ni pole kuulnud ega n\u00e4inudki. See on rohkem reklaami m\u00f5ttes asi ka, sest v\u00e4ga paljud inimesed \u00fcldse ei teagi, et ma m\u00e4nge teen,\u201c pajatas Kristjan oma m\u00fc\u00fcgitelgi kohta. <\/p>\n<p>Meelelahutaja t\u00f5i m\u00fc\u00fcgile oma neli erinevat lauam\u00e4ngu. K\u00f5ige rohkem osteti aga tema k\u00f5ige esimest lauam\u00e4ngu. \u201eInimestele meeldib ennast proovile panna ja selles m\u00e4ngus saad ennast proovile panna. Esimene on k\u00f5ige popim, aga s\u00f5ltub inimesest.\u201c Kristjani toodetud m\u00e4nge alles m\u00e4ngima hakkavale m\u00e4ngijale soovitab ta alustada k\u00f5ige esimesest m\u00e4ngust. \u201eSiis on kindel, et teised hakkavad ka meeldima.\u201c<\/p>\n<p>Oled juba tellija?Logi sisse<\/p>\n<p><a href=\"https:\/\/kroonika.delfi.ee\/artikkel\/120594635\/video-kristjan-joekalda-pani-ollesummeril-pusti-oma-muugileti-paljud-ei-teagi-et-ma-teen-lauamange\/kommentaarid\" class=\"article-body-bottom__comment article-body-bottom__comment--write button button--primary button--size-auto\" rel=\"nofollow noopener\" target=\"_blank\"> Kommenteeri <\/a><a href=\"https:\/\/kroonika.delfi.ee\/artikkel\/120594635\/video-kristjan-joekalda-pani-ollesummeril-pusti-oma-muugileti-paljud-ei-teagi-et-ma-teen-lauamange\/kommentaarid\" class=\"article-body-bottom__comment article-body-bottom__comment--read button button--size-auto\" rel=\"nofollow noopener\" target=\"_blank\"> Loe kommentaare (17)<\/a><\/p>\n","protected":false},"excerpt":{"rendered":"\u201eTegelikult on nii, et eks ma olen \u00d5llesummeritel kogu aeg ise ju kohal olnud. Aga minu \u00fclesanne on&hellip;\n","protected":false},"author":2,"featured_media":219221,"comment_status":"","ping_status":"","sticky":false,"template":"","format":"standard","meta":{"footnotes":"","_share_on_mastodon":"0"},"categories":[16],"tags":[37,33,35,173,34,36,12054,140,3874],"class_list":["post-219220","post","type-post","status-publish","format-standard","has-post-thumbnail","category-meelelahutus","tag-ee","tag-eesti","tag-eesti-keel","tag-entertainment","tag-estonia","tag-estonian","tag-kristjan-joekalda","tag-meelelahutus","tag-ollesummer"],"share_on_mastodon":{"url":"https:\/\/pubeurope.com\/@ee\/116851338668183224","error":""},"_links":{"self":[{"href":"https:\/\/www.europesays.com\/ee\/wp-json\/wp\/v2\/posts\/219220","targetHints":{"allow":["GET"]}}],"collection":[{"href":"https:\/\/www.europesays.com\/ee\/wp-json\/wp\/v2\/posts"}],"about":[{"href":"https:\/\/www.europesays.com\/ee\/wp-json\/wp\/v2\/types\/post"}],"author":[{"embeddable":true,"href":"https:\/\/www.europesays.com\/ee\/wp-json\/wp\/v2\/users\/2"}],"replies":[{"embeddable":true,"href":"https:\/\/www.europesays.com\/ee\/wp-json\/wp\/v2\/comments?post=219220"}],"version-history":[{"count":0,"href":"https:\/\/www.europesays.com\/ee\/wp-json\/wp\/v2\/posts\/219220\/revisions"}],"wp:featuredmedia":[{"embeddable":true,"href":"https:\/\/www.europesays.com\/ee\/wp-json\/wp\/v2\/media\/219221"}],"wp:attachment":[{"href":"https:\/\/www.europesays.com\/ee\/wp-json\/wp\/v2\/media?parent=219220"}],"wp:term":[{"taxonomy":"category","embeddable":true,"href":"https:\/\/www.europesays.com\/ee\/wp-json\/wp\/v2\/categories?post=219220"},{"taxonomy":"post_tag","embeddable":true,"href":"https:\/\/www.europesays.com\/ee\/wp-json\/wp\/v2\/tags?post=219220"}],"curies":[{"name":"wp","href":"https:\/\/api.w.org\/{rel}","templated":true}]}}