{"id":219226,"date":"2026-07-02T16:35:10","date_gmt":"2026-07-02T16:35:10","guid":{"rendered":"https:\/\/www.europesays.com\/ee\/219226\/"},"modified":"2026-07-02T16:35:10","modified_gmt":"2026-07-02T16:35:10","slug":"veninud-usa-relvatarnete-osas-pole-endiselt-selgust-eesti","status":"publish","type":"post","link":"https:\/\/www.europesays.com\/ee\/219226\/","title":{"rendered":"Veninud USA relvatarnete osas pole endiselt selgust | Eesti"},"content":{"rendered":"<p>Kaitseminister Hanno Pevkuri s\u00f5nul on USA relvatarned Eestisse j\u00f5udmas, kuid t\u00e4pseid kuup\u00e4evi ta siiski veel \u00f6elda ei julgenud. Ka USA saatkonna asejuht Matthew E. Wall kuup\u00e4evadest samuti ei r\u00e4\u00e4kinud, kuid r\u00f5hutas, et oluline on just liitlaste suurem panustamine NATO kaitsev\u00f5imesse.<\/p>\n<p>Varem selgus, et Iraani s\u00f5ja t\u00f5ttu venivad \u00dchendriikide relvatarned, mis puudutavad Eesti kaitsev\u00e4ge otseselt HIMARS-i ja Javelini relvas\u00fcsteemide l\u00e4bi. Need ei ole senini Eestisse j\u00f5udnud, kuid Pevkur kinnitas, et kokkulepe nende tarne osas on saavutatud.<\/p>\n<p>&#8220;T\u00e4na [neljap\u00e4eval] kohtusin ka veel [USA kaitseministeeriumi] asesekret\u00e4r [Daniel L.] Zimmermaniga. K\u00e4isime veelkord selle \u00fcle ja peaks olema valdavas enamuses k\u00f5ik klaar. M\u00f5ned elemendid on veel, mis on otseselt m\u00f5jutatud Iraani tegevusest, aga p\u00f5hikokkulepped on olemas,&#8221; \u00fctles Pevkur ning lisas, et t\u00e4psetest kuup\u00e4evadest r\u00e4\u00e4kida veel ei saa ning kuna poliitiline kokkulepe on olemas, siis n\u00fc\u00fcd s\u00f5ltub asi logistikutest.<\/p>\n<p>Lisaks on USA lubanud v\u00e4hendada oma s\u00f5jalist kohalolu Euroopas laiemalt ning ka selle idatiivas. N\u00e4iteks Leedust alustas riik rotatsiooni l\u00f5ppedes 1000 s\u00f5duri v\u00e4ljaviimist.<\/p>\n<p>Pevkuri s\u00f5nul on kindel, et 700 USA liitlast, kes Eestis paiknevad, v\u00e4hemalt t\u00e4ielikult siit ei lahku, mida on kinnitatud varem ning tegi n\u00fc\u00fcdki Zimmerman.<\/p>\n<p>&#8220;USA kohalolu nii-\u00f6elda Ida-Euroopa riikidest pigem ei kao. K\u00fcsimus on aga selles, et mis on need t\u00e4psed v\u00f5imed ja kui suur see kohalolu t\u00e4pselt olema saab,&#8221; selgitas Pevkur.<\/p>\n<p>USA suursaatkonna saatkonna asejuh Matthew E. Wall \u00fchtki kuup\u00e4eva samuti esile ei toonud, kuid r\u00f5hutas, et kaitsekoost\u00f6\u00f6s on palju liikuvaid osakesi.<\/p>\n<p>&#8220;Me t\u00f6\u00f6tame, et tihendada koost\u00f6\u00f6d kaitsevaldkonnas ja l\u00f5ppude-l\u00f5puks on Eesti suurep\u00e4rane partner ja ma arvan, et eestlased \u00fctleksid sama meie kohta,&#8221; \u00fctles Wall.<\/p>\n<p>\u00dchendriikide s\u00f5duritest idatiival Wall samuti t\u00e4psemalt ei r\u00e4\u00e4kinud, kuid lisas, et need on teemad, mida arutatakse Ankaras toimuval NATO tippkohtumisel j\u00e4rgmisel n\u00e4dalal.<\/p>\n<p>&#8220;See on suurem k\u00fcsimus kui lihtsalt kaks kuup\u00e4eva [millal j\u00f5uavad Eestisse USA relvatarned ja kas selgub midagi nende s\u00f5durite saatuse kohta] v\u00f5i mis kuskil konkreetses kohas juhtumas on. Asi on selles, et liitlased v\u00f5taksid rohkem vastutust ja kulutaks viis protsenti kaitsele,&#8221; s\u00f5nas Wall.<\/p>\n","protected":false},"excerpt":{"rendered":"Kaitseminister Hanno Pevkuri s\u00f5nul on USA relvatarned Eestisse j\u00f5udmas, kuid t\u00e4pseid kuup\u00e4evi ta siiski veel \u00f6elda ei julgenud.&hellip;\n","protected":false},"author":2,"featured_media":219227,"comment_status":"","ping_status":"","sticky":false,"template":"","format":"standard","meta":{"footnotes":"","_share_on_mastodon":"0"},"categories":[5],"tags":[26,27,37,33,35,34,36,31,32,492,21,6627,73554,28,29,19,25,23,24,22,89674,89675,20,30],"class_list":["post-219226","post","type-post","status-publish","format-standard","has-post-thumbnail","category-uldised-uudised","tag-breaking-news","tag-breakingnews","tag-ee","tag-eesti","tag-eesti-keel","tag-estonia","tag-estonian","tag-featured-news","tag-featurednews","tag-hanno-pevkur","tag-headlines","tag-himars","tag-javelin","tag-latest-news","tag-latestnews","tag-news","tag-populaarseimad-lood","tag-top-stories","tag-topstories","tag-uldised-uudised","tag-usa-relvatarned","tag-usa-suursaatkond","tag-uudised","tag-viimased-uudised"],"share_on_mastodon":{"url":"https:\/\/pubeurope.com\/@ee\/116851357947393716","error":""},"_links":{"self":[{"href":"https:\/\/www.europesays.com\/ee\/wp-json\/wp\/v2\/posts\/219226","targetHints":{"allow":["GET"]}}],"collection":[{"href":"https:\/\/www.europesays.com\/ee\/wp-json\/wp\/v2\/posts"}],"about":[{"href":"https:\/\/www.europesays.com\/ee\/wp-json\/wp\/v2\/types\/post"}],"author":[{"embeddable":true,"href":"https:\/\/www.europesays.com\/ee\/wp-json\/wp\/v2\/users\/2"}],"replies":[{"embeddable":true,"href":"https:\/\/www.europesays.com\/ee\/wp-json\/wp\/v2\/comments?post=219226"}],"version-history":[{"count":0,"href":"https:\/\/www.europesays.com\/ee\/wp-json\/wp\/v2\/posts\/219226\/revisions"}],"wp:featuredmedia":[{"embeddable":true,"href":"https:\/\/www.europesays.com\/ee\/wp-json\/wp\/v2\/media\/219227"}],"wp:attachment":[{"href":"https:\/\/www.europesays.com\/ee\/wp-json\/wp\/v2\/media?parent=219226"}],"wp:term":[{"taxonomy":"category","embeddable":true,"href":"https:\/\/www.europesays.com\/ee\/wp-json\/wp\/v2\/categories?post=219226"},{"taxonomy":"post_tag","embeddable":true,"href":"https:\/\/www.europesays.com\/ee\/wp-json\/wp\/v2\/tags?post=219226"}],"curies":[{"name":"wp","href":"https:\/\/api.w.org\/{rel}","templated":true}]}}