{"id":219293,"date":"2026-07-02T19:20:12","date_gmt":"2026-07-02T19:20:12","guid":{"rendered":"https:\/\/www.europesays.com\/ee\/219293\/"},"modified":"2026-07-02T19:20:12","modified_gmt":"2026-07-02T19:20:12","slug":"intervjuu-edgars-rinkevics-meie-ulesanne-on-veenda-liitlasi-venemaa-loomingulisuses-provokatsioonide-leidmisel-maailm-postimees-ee","status":"publish","type":"post","link":"https:\/\/www.europesays.com\/ee\/219293\/","title":{"rendered":"INTERVJUU Edgars Rink\u0113vi\u010ds: meie \u00fclesanne on veenda liitlasi Venemaa loomingulisuses provokatsioonide leidmisel &#8211; Maailm &#8211; Postimees.ee"},"content":{"rendered":"<ol>\n<li><a href=\"https:\/\/news.google.com\/rss\/articles\/CBMi3wFBVV95cUxOOFBWakEtQkV2OElPV01PdWJvR0lLak5nVkZheWQ5RVQyVkxjRFJDTGMtV0ZHYTIzWGRxQUszS2NqVWlZc3BSOVRnaVZqWjZOLVI5REkzSlMwRnpuVFpTYWMwTWJ0R2V3ZDhGaGZITlFCLXhCQVRUc096NERHRHZkNTJSbHVqeXZZdFFLeVhCRlI5c1dtTE5yemlEQlFLODd6eDVna2FIdk5hdHlyanVmZ2R3NVlDY2twT1NsWFJDWTVnZWthczdEYmRzQjVkVURKWmZYWTQtR0ota0ExUUFJ?oc=5\" target=\"_blank\" rel=\"nofollow noopener\">INTERVJUU Edgars Rink\u0113vi\u010ds: meie \u00fclesanne on veenda liitlasi Venemaa loomingulisuses provokatsioonide leidmisel<\/a>&nbsp;&nbsp;Maailm &#8211; Postimees.ee<\/li>\n<li><a href=\"https:\/\/news.google.com\/rss\/articles\/CBMiwAFBVV95cUxQSGFHT1k3cG1GMGFhcmFLNFhRTS1ueWtVb0RIbEY3MFlIUm9qZ0R4RFIzVVdYdXdzbGFEbG52a3VQaTZUWklZbmtBeEo2Mmd2d1dHamJidjhpOVo3dnQtZ1h1QlJITDVSeGxpWXQtemd3M2xTa1QyRnVIekdYNUlmcHJkLUs2MGh3R1JCR3l2R09kT3pYZ2lvTlJxbDUxTFVnajdBOVlsaFdwNGFHX2FQX0ZwSktZekVrY3hja0RkTzE?oc=5\" target=\"_blank\" rel=\"nofollow noopener\">The Guardian: Venemaa kavandab Balti riikide v\u00f5i Poola vastu s\u00f5jalisi provokatsioone<\/a>&nbsp;&nbsp;Delfi<\/li>\n<li><a href=\"https:\/\/news.google.com\/rss\/articles\/CBMi5gFBVV95cUxPQTQyVUtlUUtxSF80X2Vkd2JCZ2ljU1dsS3Z5OEs0LXdlaXNReG1fQkFpX0dBbzF3cFBtR0Z0Nlg1ZDNVeWwzOXAzM0hJcWJTTGVKTHBoS0EzUEpTQVRTaS0yWkFOdmN5cFptZlNvTHEzNjZ5N2FiMkl4ODVYZkZfNVRod212b19famE5ODVUc3NQbDNBeDd0QS1BVG9PVW9QNHlGWlJNNTEzbnota09NRldJSk9rdVY5bWJhdF9xbTJ1cGdPamZRQjcwZm5VMko1RktUQU81TEx6R1J4LUZndmUzSUZPd9IB6wFBVV95cUxPMlRTcG9DYzB5Yk94STgyMzd3Z0JHZVNIWTZsb1BlNXJDRlFEUkZaQ0ZKVTdMUmNjN1l2bEk1S2hsQXUxb2pVNWxDUVVLOUVCNlNPdGhmMEpqT0dwUlZLRXNOSnpaRDVzRlpLSkZlWTB0UFlEekxnVjhDYXVKaDNCVmpBODN1UGMwZUFhYzYwYnl5M3FZWTZUY1ZGaEdTNDlhQ0FjLVRoUXNWTU9XcjBFX1pnTEdUd01WM3JvY21XRGJaVlZYSm95WXExN0M0eTVXYWFyOWtZY08zQWRvZ0pYa2Y2NHhKaG5oUTZr?oc=5\" target=\"_blank\" rel=\"nofollow noopener\">Mart Helmel taas \u00f5igus: tema ammust hoiatust roheliste mehikeste ja viienda kolonni eest kinnitavad n\u00fc\u00fcd ka<\/a>&nbsp;&nbsp;Uued uudised<\/li>\n<li><a href=\"https:\/\/news.google.com\/rss\/articles\/CBMiP0FVX3lxTE93X1BjMlFDSjNVWXJGQi1GU0Q3RU8zVnNsR01NSkNJZFFpWVNYeHNMVFVnbWxhZldiOXZvdFBXcw?oc=5\" target=\"_blank\" rel=\"nofollow noopener\">L\u00e4ti luure rahustab, aga meie ei rahune<\/a>&nbsp;&nbsp;Uudis.net<\/li>\n<li><a href=\"https:\/\/news.google.com\/rss\/articles\/CBMimAFBVV95cUxQWnotTE42MG1iZF9rVHNQcV9nSmxaLV84OXowY1NmcEpOMmZPZ2VudzdEaGVUZHNXQ09BbHNrdG5GVHFBbVliUmtCNy1VYnlWWFVkNTVjYVkyUWtnaGJla25zbjdWVWZUeWlEZlZmbmp6Mk1TOHJqdENWaDdSbnpUN21hWjN6ZVlWZkgzM1RuQmEyYXBwbHBnUg?oc=5\" target=\"_blank\" rel=\"nofollow noopener\">Poola luurejuht: Venemaa kasutab Balti riikides rohelisi mehikesi<\/a>&nbsp;&nbsp;eestinen<\/li>\n<\/ol>\n","protected":false},"excerpt":{"rendered":"INTERVJUU Edgars Rink\u0113vi\u010ds: meie \u00fclesanne on veenda liitlasi Venemaa loomingulisuses provokatsioonide leidmisel&nbsp;&nbsp;Maailm &#8211; Postimees.ee The Guardian: Venemaa kavandab&hellip;\n","protected":false},"author":2,"featured_media":219294,"comment_status":"","ping_status":"","sticky":false,"template":"","format":"standard","meta":{"footnotes":"","_share_on_mastodon":"0"},"categories":[5],"tags":[1765,1687,587,12734,2332,26,27,2413,14396,37,33,35,34,36,590,31,32,21,5185,6446,28,29,114,54,19,25,2268,23,24,48614,124,22,20,96,30],"class_list":["post-219293","post","type-post","status-publish","format-standard","has-post-thumbnail","category-uldised-uudised","tag-airbaltic","tag-alar-karis","tag-ameerika-uhendriigid","tag-artikkel-5","tag-balti-riigid","tag-breaking-news","tag-breakingnews","tag-droonitorje","tag-edgars-rinkevics","tag-ee","tag-eesti","tag-eesti-keel","tag-estonia","tag-estonian","tag-euroopa-liit","tag-featured-news","tag-featurednews","tag-headlines","tag-hubriidsoda","tag-kaitsekulutused","tag-latest-news","tag-latestnews","tag-lati","tag-nato","tag-news","tag-populaarseimad-lood","tag-rail-baltic","tag-top-stories","tag-topstories","tag-transpordiuhendused","tag-ukraina-soda","tag-uldised-uudised","tag-uudised","tag-venemaa","tag-viimased-uudised"],"share_on_mastodon":{"url":"","error":"Validation failed: Text character limit of 500 exceeded"},"_links":{"self":[{"href":"https:\/\/www.europesays.com\/ee\/wp-json\/wp\/v2\/posts\/219293","targetHints":{"allow":["GET"]}}],"collection":[{"href":"https:\/\/www.europesays.com\/ee\/wp-json\/wp\/v2\/posts"}],"about":[{"href":"https:\/\/www.europesays.com\/ee\/wp-json\/wp\/v2\/types\/post"}],"author":[{"embeddable":true,"href":"https:\/\/www.europesays.com\/ee\/wp-json\/wp\/v2\/users\/2"}],"replies":[{"embeddable":true,"href":"https:\/\/www.europesays.com\/ee\/wp-json\/wp\/v2\/comments?post=219293"}],"version-history":[{"count":0,"href":"https:\/\/www.europesays.com\/ee\/wp-json\/wp\/v2\/posts\/219293\/revisions"}],"wp:featuredmedia":[{"embeddable":true,"href":"https:\/\/www.europesays.com\/ee\/wp-json\/wp\/v2\/media\/219294"}],"wp:attachment":[{"href":"https:\/\/www.europesays.com\/ee\/wp-json\/wp\/v2\/media?parent=219293"}],"wp:term":[{"taxonomy":"category","embeddable":true,"href":"https:\/\/www.europesays.com\/ee\/wp-json\/wp\/v2\/categories?post=219293"},{"taxonomy":"post_tag","embeddable":true,"href":"https:\/\/www.europesays.com\/ee\/wp-json\/wp\/v2\/tags?post=219293"}],"curies":[{"name":"wp","href":"https:\/\/api.w.org\/{rel}","templated":true}]}}