{"id":219330,"date":"2026-07-02T20:49:07","date_gmt":"2026-07-02T20:49:07","guid":{"rendered":"https:\/\/www.europesays.com\/ee\/219330\/"},"modified":"2026-07-02T20:49:07","modified_gmt":"2026-07-02T20:49:07","slug":"otsefotod-ollesummeri-teine-paev-kogub-hoogu-vaata-mis-toimub-tallinna-lauluvaljakul-kroonika","status":"publish","type":"post","link":"https:\/\/www.europesays.com\/ee\/219330\/","title":{"rendered":"OTSEFOTOD | \u00d5llesummeri teine p\u00e4ev kogub hoogu! Vaata, mis toimub Tallinna lauluv\u00e4ljakul &#8211; Kroonika"},"content":{"rendered":"<ol>\n<li><a href=\"https:\/\/news.google.com\/rss\/articles\/CBMiyAFBVV95cUxQQXlLRGEtTE5ubUllMDFnVlRWdFpXc0VXbDNhczhrZHlXS0szTWdONGN5VV93cnpmQlpBQWxuRHFRbmFqaDcySXViR1JrMldEVHZyMWFRVlJRdHMwTGxDd3JXY011SVZOUlgyZUxHSUYyXy1od3Z3cXQ5NUNobERQcWZETWNYejJkcVNZaFlyUF82Q3lrZDliXy1TRUlPTTJMQTJrcWo1bWhDallWVUxqNFJ0VjRwRE1qVFozbTZNZEVLUHBibGhKOA?oc=5\" target=\"_blank\" rel=\"nofollow noopener\">OTSEFOTOD | \u00d5llesummeri teine p\u00e4ev kogub hoogu! Vaata, mis toimub Tallinna lauluv\u00e4ljakul<\/a>&nbsp;&nbsp;Kroonika<\/li>\n<li><a href=\"https:\/\/news.google.com\/rss\/articles\/CBMisAFBVV95cUxQNkVxVWRfcUFldTJuOEl0dm9aN1VQT0JSeE1RZ1RzcmtUQkMweERWNzVYY0Q5aDgxbVdNNjY3TE5sS3ZGZ3ctVHR2NjkzRnhOemR4OFkwR0dINEprVG5OSVltSmF4SnIwdnhpeVB4QUd6WGRKUWx3MmtrV21UckhobkgxbjhWcHZVREhwWjFORWtHeUdnbnBYUnFibTZWYlU2RnBiVzlsdl84NFJIZlpmcA?oc=5\" target=\"_blank\" rel=\"nofollow noopener\">GALERII \u27e9 \u00d5llesummer sai avapaugu! Vaata, kes osalesid festivali esimesel p\u00e4eval<\/a>&nbsp;&nbsp;Elu24<\/li>\n<li><a href=\"https:\/\/news.google.com\/rss\/articles\/CBMipwFBVV95cUxPcVJDQ2RnNzg0b01JazBPMnBRUWZIM3I4Y2pMT0ZjR3NyRzVkcE9WU2JHMDN1bm1XWGdSeW5aZFkxQTE0WjZQdGVMclRiRUctS2tvbDctZkxRY3VZLTgxeENEOGVVdU5PWXZJR3hVcmtmSmMweG5VX24zTTNjcERXZnlON3JIdTJRV2VXTVRMTDZlRTBGUWY1allhcS1rRDNqeUczQ0Z3UQ?oc=5\" target=\"_blank\" rel=\"nofollow noopener\">FOTOD | \u201eTahan siin igavesti laulda!\u201c Inna pani \u00d5llesummeri avap\u00e4evale v\u00f5imsa punkti, Meie Mees t\u00f5i lavale suspedes J\u00f5ekalda<\/a>&nbsp;&nbsp;Kroonika<\/li>\n<li><a href=\"https:\/\/news.google.com\/rss\/articles\/CBMi7wFBVV95cUxOY3ZmeTB0b2JVMmdBVFQ3SDBaUXRyVHdxQXkzRkE3MUZ0dGhSRDR3TFItV0V4Zk5PLThDZnFJa2UzQkY3T0x6dTQ2eFR3ZmMyNjI0djUxR25XQldmUDEyRlpBNERkUG4xeXhXRGppQm41cFBCRnN5ZkFCdmh1eENEZkUwUGVLUVhqWm9CSGd1bG91V1RiRTRJdnNIamN4NEVCQW5yTG82Qy1aa2oxa0xzTWYycVVDY1dMSXExZU5od1F3YTF2el9mV3U1eDRWNGtpSm5ia1pJNzNuUkJLUV80b3hZVGZQUnNfTEwzTk9ldw?oc=5\" target=\"_blank\" rel=\"nofollow noopener\">GALERII | \u00d5llesummeri teine p\u00e4ev j\u00f5udis \u00f5htusse. Tanel Padar hullutas rahvast, publikumenu nautisid ka Triibupasta ja Cascada<\/a>&nbsp;&nbsp;\u00d5htuleht<\/li>\n<li><a href=\"https:\/\/news.google.com\/rss\/articles\/CBMi0wFBVV95cUxPZ0lyaVZ3QWJhMnNOYjVienZmOXdCY2EtaHpVWXB4d1MzUmFEVmdvd1BNLWc2dWZDUnRnNFFFLURjaV9MbUhOZy1UZVdRYnFGUTkweTR6MnhMVUlCOG5HN0FyRl9ReVJBVkFRZzN3Xy1tTWZ6QmZnbThpYTFZRU9FUFVIR2M0cjd6dkF6akxvanZqQl9hUmxYT1ZIaDNYWnAwTVRXTUxZOFFOZ2FRcVJUeGR2OWVnZHE2MUFpUG9GeHZpaDFLVGd6M3J2cjRGdDFXS2U0?oc=5\" target=\"_blank\" rel=\"nofollow noopener\">\u00d5llesummer l\u00e4ks t\u00e4istuuridel k\u00e4ima! Mida festivalil teha ja kui palju k\u00f5ik maksab?<\/a>&nbsp;&nbsp;tv3.ee<\/li>\n<\/ol>\n","protected":false},"excerpt":{"rendered":"OTSEFOTOD | \u00d5llesummeri teine p\u00e4ev kogub hoogu! Vaata, mis toimub Tallinna lauluv\u00e4ljakul&nbsp;&nbsp;Kroonika GALERII \u27e9 \u00d5llesummer sai avapaugu! Vaata,&hellip;\n","protected":false},"author":2,"featured_media":219331,"comment_status":"","ping_status":"","sticky":false,"template":"","format":"standard","meta":{"footnotes":"","_share_on_mastodon":"0"},"categories":[91],"tags":[240,37,33,35,173,34,36,241,140,3874,12349],"class_list":["post-219330","post","type-post","status-publish","format-standard","has-post-thumbnail","category-kuulsused","tag-celebrities","tag-ee","tag-eesti","tag-eesti-keel","tag-entertainment","tag-estonia","tag-estonian","tag-kuulsused","tag-meelelahutus","tag-ollesummer","tag-tallinna-lauluvaljak"],"share_on_mastodon":{"url":"https:\/\/pubeurope.com\/@ee\/116852356903927686","error":""},"_links":{"self":[{"href":"https:\/\/www.europesays.com\/ee\/wp-json\/wp\/v2\/posts\/219330","targetHints":{"allow":["GET"]}}],"collection":[{"href":"https:\/\/www.europesays.com\/ee\/wp-json\/wp\/v2\/posts"}],"about":[{"href":"https:\/\/www.europesays.com\/ee\/wp-json\/wp\/v2\/types\/post"}],"author":[{"embeddable":true,"href":"https:\/\/www.europesays.com\/ee\/wp-json\/wp\/v2\/users\/2"}],"replies":[{"embeddable":true,"href":"https:\/\/www.europesays.com\/ee\/wp-json\/wp\/v2\/comments?post=219330"}],"version-history":[{"count":0,"href":"https:\/\/www.europesays.com\/ee\/wp-json\/wp\/v2\/posts\/219330\/revisions"}],"wp:featuredmedia":[{"embeddable":true,"href":"https:\/\/www.europesays.com\/ee\/wp-json\/wp\/v2\/media\/219331"}],"wp:attachment":[{"href":"https:\/\/www.europesays.com\/ee\/wp-json\/wp\/v2\/media?parent=219330"}],"wp:term":[{"taxonomy":"category","embeddable":true,"href":"https:\/\/www.europesays.com\/ee\/wp-json\/wp\/v2\/categories?post=219330"},{"taxonomy":"post_tag","embeddable":true,"href":"https:\/\/www.europesays.com\/ee\/wp-json\/wp\/v2\/tags?post=219330"}],"curies":[{"name":"wp","href":"https:\/\/api.w.org\/{rel}","templated":true}]}}