{"id":219385,"date":"2026-07-02T22:16:10","date_gmt":"2026-07-02T22:16:10","guid":{"rendered":"https:\/\/www.europesays.com\/ee\/219385\/"},"modified":"2026-07-02T22:16:10","modified_gmt":"2026-07-02T22:16:10","slug":"openai-kaalub-usa-valitsusele-viieprotsendilise-osaluse-andmist","status":"publish","type":"post","link":"https:\/\/www.europesays.com\/ee\/219385\/","title":{"rendered":"OpenAI kaalub USA valitsusele viieprotsendilise osaluse andmist"},"content":{"rendered":"<p>Tehisintellektihiid OpenAI on arutanud USA valitsusele viieprotsendilise osaluse andmist, p\u00fc\u00fcdes sellega siluda suhteid Trumpi administratsiooniga, teatas neljap\u00e4eval \u00e4rileht Financial Times.<\/p>\n<p>OpenAI tegevjuht Sam Altman v\u00e4itis, et avalikkusele finantsosaluse andmine 852 miljardi dollari v\u00e4\u00e4rtusega ettev\u00f5ttes on parim viis tehisintellekti h\u00fcvede jagamiseks.<\/p>\n","protected":false},"excerpt":{"rendered":"Tehisintellektihiid OpenAI on arutanud USA valitsusele viieprotsendilise osaluse andmist, p\u00fc\u00fcdes sellega siluda suhteid Trumpi administratsiooniga, teatas neljap\u00e4eval \u00e4rileht&hellip;\n","protected":false},"author":2,"featured_media":219386,"comment_status":"","ping_status":"","sticky":false,"template":"","format":"standard","meta":{"footnotes":"","_share_on_mastodon":"0"},"categories":[5],"tags":[26,27,37,33,35,34,36,31,32,21,28,29,19,2358,25,2359,23,24,22,20,30],"class_list":["post-219385","post","type-post","status-publish","format-standard","has-post-thumbnail","category-uldised-uudised","tag-breaking-news","tag-breakingnews","tag-ee","tag-eesti","tag-eesti-keel","tag-estonia","tag-estonian","tag-featured-news","tag-featurednews","tag-headlines","tag-latest-news","tag-latestnews","tag-news","tag-openai","tag-populaarseimad-lood","tag-sam-altman","tag-top-stories","tag-topstories","tag-uldised-uudised","tag-uudised","tag-viimased-uudised"],"share_on_mastodon":{"url":"https:\/\/pubeurope.com\/@ee\/116852699086370478","error":""},"_links":{"self":[{"href":"https:\/\/www.europesays.com\/ee\/wp-json\/wp\/v2\/posts\/219385","targetHints":{"allow":["GET"]}}],"collection":[{"href":"https:\/\/www.europesays.com\/ee\/wp-json\/wp\/v2\/posts"}],"about":[{"href":"https:\/\/www.europesays.com\/ee\/wp-json\/wp\/v2\/types\/post"}],"author":[{"embeddable":true,"href":"https:\/\/www.europesays.com\/ee\/wp-json\/wp\/v2\/users\/2"}],"replies":[{"embeddable":true,"href":"https:\/\/www.europesays.com\/ee\/wp-json\/wp\/v2\/comments?post=219385"}],"version-history":[{"count":0,"href":"https:\/\/www.europesays.com\/ee\/wp-json\/wp\/v2\/posts\/219385\/revisions"}],"wp:featuredmedia":[{"embeddable":true,"href":"https:\/\/www.europesays.com\/ee\/wp-json\/wp\/v2\/media\/219386"}],"wp:attachment":[{"href":"https:\/\/www.europesays.com\/ee\/wp-json\/wp\/v2\/media?parent=219385"}],"wp:term":[{"taxonomy":"category","embeddable":true,"href":"https:\/\/www.europesays.com\/ee\/wp-json\/wp\/v2\/categories?post=219385"},{"taxonomy":"post_tag","embeddable":true,"href":"https:\/\/www.europesays.com\/ee\/wp-json\/wp\/v2\/tags?post=219385"}],"curies":[{"name":"wp","href":"https:\/\/api.w.org\/{rel}","templated":true}]}}