{"id":219469,"date":"2026-07-03T03:46:10","date_gmt":"2026-07-03T03:46:10","guid":{"rendered":"https:\/\/www.europesays.com\/ee\/219469\/"},"modified":"2026-07-03T03:46:10","modified_gmt":"2026-07-03T03:46:10","slug":"wsj-hegseth-loobus-plaanist-euroopas-veelgi-ulatuslikumalt-vagesid-karpida-valismaa","status":"publish","type":"post","link":"https:\/\/www.europesays.com\/ee\/219469\/","title":{"rendered":"WSJ: Hegseth loobus plaanist Euroopas veelgi ulatuslikumalt v\u00e4gesid k\u00e4rpida | V\u00e4lismaa"},"content":{"rendered":"<p>USA kaitseminister Pete Hegseth plaanis ulatuslikult v\u00e4hendada \u00dchendriikide v\u00e4gede arvu Euroopas, kuid taganes plaanist p\u00e4rast selle tutvustamist Valgele Majale, kirjutab The Wall Street Journal.<\/p>\n<p>Hegseth plaanis m\u00f6\u00f6dunud kuul s\u00f5ita Br\u00fcsselisse, et teha NATO s\u00f5jaliste juhtide kohtumisel rabav avaldus.<\/p>\n<p>Allikate teatel kavatses minister teatada USA uutest v\u00e4gede k\u00e4rbetest Euroopas. Need pidanuks olema ulatuslikumad kui varem t\u00fchistatud soomusbrigaadi paigutamine Poolasse ja jalav\u00e4ebrigaadi v\u00e4ljatoomine Rumeeniast.\u00a0<\/p>\n<p>Hegsethi ettepanek l\u00fckati aga tagasi p\u00e4rast seda, kui seda tutvustati president Donald Trumpi riikliku julgeoleku n\u00f5unikule Marco Rubiole ja teistele k\u00f5rgetele ametnikele.<\/p>\n<p>Selle asemel teatas Hegseth, et USA anal\u00fc\u00fcsib oma v\u00e4gede paigutust Euroopas. \u00dclevaatus v\u00f5ib kesta kuni kuus kuud.<\/p>\n<p>Juhtum viitab sellele, et valitsus pole USA v\u00e4gede v\u00f5imaliku Euroopast v\u00e4hendamise tempos ja ulatuses veel kokku leppinud.\u00a0<\/p>\n<p>Kuigi Trump on r\u00e4\u00e4kinud NATO riikide karistamisest, kes tema hinnangul ei kuluta oma kaitsele piisavalt v\u00f5i ei toetanud USA s\u00f5da Iraaniga, on Hegsethi ettepanekud ja \u00e4gedad k\u00f5ned h\u00e4irinud nii liitlasi kui ka seadusandjaid. Nende seas on mitmeid juhtivaid vabariiklasi, kes kardavad, et minister tekitab alliansile p\u00fcsivat kahju ja julgustab Venemaad.<\/p>\n<p>Valge Maja suunas WSJ k\u00fcsimused edasi kaitseministeeriumile. Pentagoni pressiesindaja Sean Parnell \u00fctles: &#8220;Kaitseminister Hegseth tagas, et tema s\u00f5num on koosk\u00f5las presidendi eesm\u00e4rkide ja tegevuskavaga, ning ta ei soovinud piirata presidendi otsustusruumi.&#8221;<\/p>\n<p>Eeldatavasti on USA v\u00e4gede arv ja liitlaste kaitsekulutused peamiseks teemaks j\u00e4rgmisel n\u00e4dalal T\u00fcrgis Ankaras toimuval Trumpi ja NATO juhtide kohtumisel.<\/p>\n<p>NATO ametnikud loodavad, et Ankara tippkohtumine n\u00e4itab \u00fchtsust USA-ga ja toetust Ukrainale s\u00f5jas Venemaa vastu. Samas kardetakse, et pinged Trumpiga v\u00f5ivad kohtumist varjutada. Ametnike teatel kaalub NATO loobumist plaanist korraldada j\u00e4rgmisel aastal tippkohtumine Albaanias.<\/p>\n<p>&#8220;Ameerika \u00dchendriigid kulutavad NATO-le ja nende kaitsmisele pika puuga rohkem raha kui \u00fckski teine riik, saamata sellest mingit kasu,&#8221; kirjutas Trump neljap\u00e4eval sotsiaalmeedias.<\/p>\n<p>Jaanuaris avaldatud Pentagoni kaitsestrateegia andis m\u00f5ista, et USA v\u00e4hendab oma s\u00f5jalist kohalolekut Euroopas, kuna keskendub rohkem Vaikse ookeani l\u00e4\u00e4neosale ja l\u00e4\u00e4nepoolkerale. Strateegia kohaselt on eesm\u00e4rk anda Euroopa riikidele peamine vastutus mandri konventsionaalse kaitse eest.<\/p>\n<p>Mais t\u00fchistas Hegseth ootamatult Texase osariigist p\u00e4rit soomusbrigaadi \u00fcheksakuulise rotatsiooni Poola. Otsus p\u00e4lvis teravat kriitikat nii vabariiklastest kui ka demokraatidest seadusandjatelt ning tegi murelikuks Poola ametnikud. Viimased \u00fctlesid The Wall Street Journalile, et nendega seda sammu ei arutatud.<\/p>\n<p>See \u00fcllatas ka Trumpi. Ametnike s\u00f5nul helistas president hiljem Hegsethile ja k\u00fcsis, miks ta kohtleb v\u00e4\u00e4rtuslikku liitlast nii halvasti. Seej\u00e4rel teatas Trump 5000 s\u00f5duri saatmisest Poolasse, kuigi USA ametnike s\u00f5nul pole t\u00e4iendavaid \u00fcksusi riiki siiani paigutatud.<\/p>\n<p>V\u00f5imalus, et USA v\u00e4hendab Euroopas v\u00e4gesid veelgi, on endiselt \u00f5hus. Hegseth ja tema peamine poliitikan\u00f5unik Elbridge Colby on olnud eriti sihikindlad p\u00fc\u00fcdlustes v\u00e4hendada Euroopale p\u00fchendatud USA \u00fcksusi.\u00a0<\/p>\n<p>Nii Pentagonis t\u00f6\u00f6tamise aastatel kui ka v\u00e4ljaspool seda on Colbyt peetud prioriteetide seadjaks, kes pooldab USA kohustuste piiramist v\u00e4ljaspool Aasiat, et vabastada ressursse Pekingi vastu suunatud tegevusteks.<\/p>\n<p>S\u00f5da Iraaniga andis Hegsethile ja Colbyle uue v\u00f5imaluse v\u00e4gede paigutamise kohustused \u00fcle vaadata.\u00a0<\/p>\n<p>Kuigi Suurbritannia andis USA pikamaapommitajate kasutusse baasi, kust tehti r\u00fcnnakuid Iraanile, keeldus Hispaania oma rajatisi operatsioonideks lubamast. P\u00e4rast seda, kui Saksamaa liidukantsler Friedrich Merz kritiseeris Trumpi administratsiooni Iraani-strateegiat, j\u00e4tkas Trump mais Euroopa kritiseerimist ja \u00e4hvardas USA v\u00e4ed Saksamaalt v\u00e4lja tuua.<\/p>\n<p>Pentagoni viimased algatused v\u00e4gesid k\u00e4rpida on teinud murelikuks nii vabariiklaste kui ka demokraatide seadusandjad. Nad lisasid s\u00f5jaliste kulutuste seaduse eeln\u00f5usse s\u00e4tted, mis keelavad kaitseministeeriumil v\u00e4hendada s\u00f5durite arvu alla 76 000, kui riske pole eelnevalt hinnanud USA Euroopa v\u00e4ejuhatuse \u00fclem ja staabi\u00fclemate \u00fchendkomitee esimees ning sellele pole andnud kinnitust Hegseth ise.<\/p>\n<p>Allikate teatel s\u00fcvenesid need mured eelmisel kuul, kui Hegsethi b\u00fcroo kavandas enne juunis toimuvat NATO kaitseministrite kohtumist telefonik\u00f5ne seadusandjatega. Kui k\u00f5ne aga toimus, \u00fctles Hegseth vaid seda, et plaanib l\u00e4bi viia \u00fclevaatuse.<\/p>\n<p>\u00dclevaatusest teatades suunas Hegseth kriitika Euroopa poole.<\/p>\n<p>&#8220;\u00c4rge saage valesti aru \u2013 sellest tuleb t\u00f5sine \u00fclevaatus,&#8221; \u00fctles Hegseth NATO kaitseministrite kaks korda aastas toimuva kogunemise avamisel. &#8220;Selle eesm\u00e4rk on tagada, et NATO liigub kiiresti ja p\u00f6\u00f6rdumatult sinnapoole, et Euroopa astuks esile ja v\u00f5taks peamise vastutuse Euroopa kaitsmise eest.&#8221;<\/p>\n","protected":false},"excerpt":{"rendered":"USA kaitseminister Pete Hegseth plaanis ulatuslikult v\u00e4hendada \u00dchendriikide v\u00e4gede arvu Euroopas, kuid taganes plaanist p\u00e4rast selle tutvustamist Valgele&hellip;\n","protected":false},"author":2,"featured_media":219470,"comment_status":"","ping_status":"","sticky":false,"template":"","format":"standard","meta":{"footnotes":"","_share_on_mastodon":"0"},"categories":[5],"tags":[26,27,324,37,33,35,26046,34,36,112,31,32,21,498,28,29,54,19,1205,111,25,51,23,24,22,325,5605,20,30],"class_list":["post-219469","post","type-post","status-publish","format-standard","has-post-thumbnail","category-uldised-uudised","tag-breaking-news","tag-breakingnews","tag-donald-trump","tag-ee","tag-eesti","tag-eesti-keel","tag-elbridge-colby","tag-estonia","tag-estonian","tag-euroopa","tag-featured-news","tag-featurednews","tag-headlines","tag-julgeolek","tag-latest-news","tag-latestnews","tag-nato","tag-news","tag-pete-hegseth","tag-poola","tag-populaarseimad-lood","tag-saksamaa","tag-top-stories","tag-topstories","tag-uldised-uudised","tag-usa","tag-usa-sodurid","tag-uudised","tag-viimased-uudised"],"share_on_mastodon":{"url":"https:\/\/pubeurope.com\/@ee\/116853996425169944","error":""},"_links":{"self":[{"href":"https:\/\/www.europesays.com\/ee\/wp-json\/wp\/v2\/posts\/219469","targetHints":{"allow":["GET"]}}],"collection":[{"href":"https:\/\/www.europesays.com\/ee\/wp-json\/wp\/v2\/posts"}],"about":[{"href":"https:\/\/www.europesays.com\/ee\/wp-json\/wp\/v2\/types\/post"}],"author":[{"embeddable":true,"href":"https:\/\/www.europesays.com\/ee\/wp-json\/wp\/v2\/users\/2"}],"replies":[{"embeddable":true,"href":"https:\/\/www.europesays.com\/ee\/wp-json\/wp\/v2\/comments?post=219469"}],"version-history":[{"count":0,"href":"https:\/\/www.europesays.com\/ee\/wp-json\/wp\/v2\/posts\/219469\/revisions"}],"wp:featuredmedia":[{"embeddable":true,"href":"https:\/\/www.europesays.com\/ee\/wp-json\/wp\/v2\/media\/219470"}],"wp:attachment":[{"href":"https:\/\/www.europesays.com\/ee\/wp-json\/wp\/v2\/media?parent=219469"}],"wp:term":[{"taxonomy":"category","embeddable":true,"href":"https:\/\/www.europesays.com\/ee\/wp-json\/wp\/v2\/categories?post=219469"},{"taxonomy":"post_tag","embeddable":true,"href":"https:\/\/www.europesays.com\/ee\/wp-json\/wp\/v2\/tags?post=219469"}],"curies":[{"name":"wp","href":"https:\/\/api.w.org\/{rel}","templated":true}]}}