{"id":219603,"date":"2026-07-03T07:38:09","date_gmt":"2026-07-03T07:38:09","guid":{"rendered":"https:\/\/www.europesays.com\/ee\/219603\/"},"modified":"2026-07-03T07:38:09","modified_gmt":"2026-07-03T07:38:09","slug":"riigikogu-hakkab-otsima-err-i-noukogusse-kolme-uut-liiget-president-karis-hoiatab-ajakirjandusvabaduse-piiramise-eest","status":"publish","type":"post","link":"https:\/\/www.europesays.com\/ee\/219603\/","title":{"rendered":"Riigikogu hakkab otsima ERR-i n\u00f5ukogusse kolme uut liiget. President Karis hoiatab ajakirjandusvabaduse piiramise eest"},"content":{"rendered":"<p><img decoding=\"async\" src=\"https:\/\/www.europesays.com\/ee\/wp-content\/uploads\/2026\/07\/1b88fc44-6278-4bf4-a5d5-0153ce17fccd.jpg\" loading=\"lazy\" alt=\"Kuna seadust muudeti, tuleb riigikogul leida kolm uut eksperti ERRi n\u00f5ukogusse\"\/><\/p>\n<p>Kuna seadust muudeti, tuleb riigikogul leida kolm uut eksperti ERRi n\u00f5ukogusse<\/p>\n<p>FOTO: andres puttinganni \u00f5nneleidtaavi sepprauno volmarkiur kaasiktiit blaatilmar saabaskollaa\u017e: kristopher muraveiski| Delfi Meedia<\/p>\n<p>President kuulutas v\u00e4lja Eesti Rahvusringh\u00e4\u00e4lingu (ERR) seaduse muudatused, mis t\u00e4hendab, et <a rel=\"noopener nofollow\" target=\"_blank\" href=\"https:\/\/www.delfi.ee\/teema\/22985097\/riigikogu\" tag-id=\"22985097\">riigikogu<\/a> peab leidma n\u00f5ukogusse kolm uut ekspertliiget.<\/p>\n","protected":false},"excerpt":{"rendered":"Kuna seadust muudeti, tuleb riigikogul leida kolm uut eksperti ERRi n\u00f5ukogusse FOTO: andres puttinganni \u00f5nneleidtaavi sepprauno volmarkiur kaasiktiit&hellip;\n","protected":false},"author":2,"featured_media":219604,"comment_status":"","ping_status":"","sticky":false,"template":"","format":"standard","meta":{"footnotes":"","_share_on_mastodon":"0"},"categories":[5],"tags":[28600,1687,26,27,37,33,35,22693,20712,34,36,31,32,21,28,29,11236,19,25,640,23,24,22,20,30],"class_list":["post-219603","post","type-post","status-publish","format-standard","has-post-thumbnail","category-uldised-uudised","tag-ajakirjandusvabadus","tag-alar-karis","tag-breaking-news","tag-breakingnews","tag-ee","tag-eesti","tag-eesti-keel","tag-eesti-rahvusringhaaling-err","tag-err-i-noukogu","tag-estonia","tag-estonian","tag-featured-news","tag-featurednews","tag-headlines","tag-latest-news","tag-latestnews","tag-liina-kersna","tag-news","tag-populaarseimad-lood","tag-riigikogu","tag-top-stories","tag-topstories","tag-uldised-uudised","tag-uudised","tag-viimased-uudised"],"share_on_mastodon":{"url":"https:\/\/pubeurope.com\/@ee\/116854909256422254","error":""},"_links":{"self":[{"href":"https:\/\/www.europesays.com\/ee\/wp-json\/wp\/v2\/posts\/219603","targetHints":{"allow":["GET"]}}],"collection":[{"href":"https:\/\/www.europesays.com\/ee\/wp-json\/wp\/v2\/posts"}],"about":[{"href":"https:\/\/www.europesays.com\/ee\/wp-json\/wp\/v2\/types\/post"}],"author":[{"embeddable":true,"href":"https:\/\/www.europesays.com\/ee\/wp-json\/wp\/v2\/users\/2"}],"replies":[{"embeddable":true,"href":"https:\/\/www.europesays.com\/ee\/wp-json\/wp\/v2\/comments?post=219603"}],"version-history":[{"count":0,"href":"https:\/\/www.europesays.com\/ee\/wp-json\/wp\/v2\/posts\/219603\/revisions"}],"wp:featuredmedia":[{"embeddable":true,"href":"https:\/\/www.europesays.com\/ee\/wp-json\/wp\/v2\/media\/219604"}],"wp:attachment":[{"href":"https:\/\/www.europesays.com\/ee\/wp-json\/wp\/v2\/media?parent=219603"}],"wp:term":[{"taxonomy":"category","embeddable":true,"href":"https:\/\/www.europesays.com\/ee\/wp-json\/wp\/v2\/categories?post=219603"},{"taxonomy":"post_tag","embeddable":true,"href":"https:\/\/www.europesays.com\/ee\/wp-json\/wp\/v2\/tags?post=219603"}],"curies":[{"name":"wp","href":"https:\/\/api.w.org\/{rel}","templated":true}]}}