{"id":219744,"date":"2026-07-03T10:53:13","date_gmt":"2026-07-03T10:53:13","guid":{"rendered":"https:\/\/www.europesays.com\/ee\/219744\/"},"modified":"2026-07-03T10:53:13","modified_gmt":"2026-07-03T10:53:13","slug":"nova-vorgukuuri-hooaja-avab-peeter-simmi-film","status":"publish","type":"post","link":"https:\/\/www.europesays.com\/ee\/219744\/","title":{"rendered":"N\u00f5va v\u00f5rgukuuri hooaja avab Peeter Simmi film"},"content":{"rendered":"<p>            <a href=\"https:\/\/online.le.ee\/wp-content\/uploads\/2025\/07\/Hunditund-Vorukuuris_foto_Juhan-Hepner-15.jpg\" data-caption=\"Marko Raat. Foto: Juhan Hepner\" rel=\"nofollow noopener\" target=\"_blank\"><img loading=\"lazy\" width=\"696\" height=\"464\" class=\"entry-thumb td-modal-image lazyload\" alt=\"\" title=\"Marko Raat_foto Juhan Hepner\" src=\"https:\/\/www.europesays.com\/ee\/wp-content\/uploads\/2026\/07\/Hunditund-Vorukuuris_foto_Juhan-Hepner-15-696x464.jpg\" decoding=\"async\"  data- data-eio-rwidth=\"696\" data-eio-rheight=\"464\"\/><\/a>Marko Raat. Foto: Juhan Hepner<\/p>\n<p> Marko Raat. Foto: Juhan Hepner<\/p>\n<p>Sel laup\u00e4eval avab filmimees Marko Raat N\u00f5va v\u00f5rgukuuri kinohooaja Peeter Simmi filmiga \u201ePuud olid\u2026\u201d.<\/p>\n<p>1985. aastal Tallinnfilmis valminud filmi seob Raadi s\u00f5nul N\u00f5vaga see, et film on \u00fcles v\u00f5etud L\u00e4\u00e4nemaal ja osaliselt N\u00f5val.<\/p>\n<p>\u201eSeda filmi pole ammu kusagil n\u00e4idatud ja mul oli plaanis teha v\u00f5rgukuuris filmi seanss koos Simmiga,\u201d r\u00e4\u00e4kis Raat. Nii see aga ei l\u00e4inud, sest Peeter Simm lahkus meie hulgast t\u00e4navu m\u00e4rtsis. Siiski on laup\u00e4evasel v\u00f5rgukuuri kino\u00f5htul k\u00fclalisteks filmi operaator Ago Ruus ja kost\u00fc\u00fcmikunstnik Mare Raidma. Raat lisas, et loodetavasti tuleb ka \u00fcks peaosalisi Maria Rahu (Avdju\u0161ko) ja veel inimesi, kes selle filmi loomisega seotud.<\/p>\n<p>Artikkel j\u00e4tkub peale reklaami<img loading=\"lazy\" decoding=\"async\" class=\"aligncenter size-full wp-image-387649\" src=\"https:\/\/www.europesays.com\/ee\/wp-content\/uploads\/2026\/07\/1783075993_238_tasuline.png\" alt=\"\" width=\"688\" height=\"101\" data-eio=\"l\"\/><\/a><\/p>\n<p>Reklaam<\/p>\n","protected":false},"excerpt":{"rendered":"Marko Raat. Foto: Juhan Hepner Marko Raat. Foto: Juhan Hepner Sel laup\u00e4eval avab filmimees Marko Raat N\u00f5va v\u00f5rgukuuri&hellip;\n","protected":false},"author":2,"featured_media":219745,"comment_status":"","ping_status":"","sticky":false,"template":"","format":"standard","meta":{"footnotes":"","_share_on_mastodon":"0"},"categories":[16],"tags":[37,33,35,173,34,36,1426,89823,140,31542,89824],"class_list":["post-219744","post","type-post","status-publish","format-standard","has-post-thumbnail","category-meelelahutus","tag-ee","tag-eesti","tag-eesti-keel","tag-entertainment","tag-estonia","tag-estonian","tag-kino","tag-marko-raat","tag-meelelahutus","tag-nova","tag-vorgukuur"],"share_on_mastodon":{"url":"https:\/\/pubeurope.com\/@ee\/116855675983658441","error":""},"_links":{"self":[{"href":"https:\/\/www.europesays.com\/ee\/wp-json\/wp\/v2\/posts\/219744","targetHints":{"allow":["GET"]}}],"collection":[{"href":"https:\/\/www.europesays.com\/ee\/wp-json\/wp\/v2\/posts"}],"about":[{"href":"https:\/\/www.europesays.com\/ee\/wp-json\/wp\/v2\/types\/post"}],"author":[{"embeddable":true,"href":"https:\/\/www.europesays.com\/ee\/wp-json\/wp\/v2\/users\/2"}],"replies":[{"embeddable":true,"href":"https:\/\/www.europesays.com\/ee\/wp-json\/wp\/v2\/comments?post=219744"}],"version-history":[{"count":0,"href":"https:\/\/www.europesays.com\/ee\/wp-json\/wp\/v2\/posts\/219744\/revisions"}],"wp:featuredmedia":[{"embeddable":true,"href":"https:\/\/www.europesays.com\/ee\/wp-json\/wp\/v2\/media\/219745"}],"wp:attachment":[{"href":"https:\/\/www.europesays.com\/ee\/wp-json\/wp\/v2\/media?parent=219744"}],"wp:term":[{"taxonomy":"category","embeddable":true,"href":"https:\/\/www.europesays.com\/ee\/wp-json\/wp\/v2\/categories?post=219744"},{"taxonomy":"post_tag","embeddable":true,"href":"https:\/\/www.europesays.com\/ee\/wp-json\/wp\/v2\/tags?post=219744"}],"curies":[{"name":"wp","href":"https:\/\/api.w.org\/{rel}","templated":true}]}}