{"id":219746,"date":"2026-07-03T10:54:07","date_gmt":"2026-07-03T10:54:07","guid":{"rendered":"https:\/\/www.europesays.com\/ee\/219746\/"},"modified":"2026-07-03T10:54:07","modified_gmt":"2026-07-03T10:54:07","slug":"tanavune-saaremaa-ralli-soovib-labida-kihelkonna-alevikku-osavallakogu-pooldab-motet","status":"publish","type":"post","link":"https:\/\/www.europesays.com\/ee\/219746\/","title":{"rendered":"T\u00e4navune Saaremaa ralli soovib l\u00e4bida Kihelkonna alevikku, osavallakogu pooldab m\u00f5tet"},"content":{"rendered":"<p class=\"MsoNormal\">Undva katsel on rada sama, mis varasematel aastatel. Sellest katsest r\u00e4\u00e4kides juhtisid MT\u00dc esindajad Henri Rump ja Rasmus Uustulnd t\u00e4helepanu, et kui \u00fcldiselt ralli l\u00f5hub teid (need k\u00fcll taastatakse p\u00e4rast rallit), siis t\u00e4navu on korraldajad panustanud Undva tee madalamate kohtade uue kruuskattega t\u00e4itmisse, et piirkonna teede olukorda ka ise parandada.<\/p>\n<p class=\"MsoNormal\">Uuendusena on esmakordselt plaanis Kiirassaare katse, mis l\u00e4biks ka Kihelkonna alevikku. Kuna see on p\u00e4eva esimene katse, oleksid teed suletud vaid hommikul. Osavallakogu ja ralli korraldajad vaatasid \u00fcheskoos kaardil rada ja arutasid alevikus parkimist, et kuidas ja kuhu k\u00f5ik pealtvaatajate autod mahuvad.<\/p>\n<p class=\"MsoNormal\">Ralli korraldajad selgitasid, kuidas on planeeritud teavitust\u00f6\u00f6 teede sulgemise osas ning kuidas toimub hilisem teede remont ja seisukorra hindamine. Ka kutsusid nad kohalikke ettev\u00f5tjaid ja toitlustajaid \u00fcles endast m\u00e4rku andma, et nad saaksid ralli ametlikes kanalites teavitada, kus on toitlustuskohad.<\/p>\n<p class=\"MsoNormal\">Osavallakogu liikmed leidsid, et uuendused on teretulnud ning ralli korraldamist piirkonnas tasub toetada. K\u00f5ik koosolekul viibijad h\u00e4\u00e4letasid uuenduste poolt.<\/p>\n","protected":false},"excerpt":{"rendered":"Undva katsel on rada sama, mis varasematel aastatel. Sellest katsest r\u00e4\u00e4kides juhtisid MT\u00dc esindajad Henri Rump ja Rasmus&hellip;\n","protected":false},"author":2,"featured_media":219747,"comment_status":"","ping_status":"","sticky":false,"template":"","format":"standard","meta":{"footnotes":"","_share_on_mastodon":"0"},"categories":[18],"tags":[37,33,35,34,36,89825,89826,89829,89832,89827,12376,7368,159,158,89831,89830,89833,89828],"class_list":["post-219746","post","type-post","status-publish","format-standard","has-post-thumbnail","category-sport","tag-ee","tag-eesti","tag-eesti-keel","tag-estonia","tag-estonian","tag-kihelkonna-alevik","tag-kihelkonna-osavallakogu","tag-kiirassaare-katse","tag-kohalikud-ettevotjad","tag-mtu-saaremaa-ralli","tag-pealtvaatajad","tag-saaremaa-ralli","tag-sport","tag-sports","tag-teede-remont","tag-teede-sulgemine","tag-toitlustuskohad","tag-undva-katse"],"share_on_mastodon":{"url":"https:\/\/pubeurope.com\/@ee\/116855679814364359","error":""},"_links":{"self":[{"href":"https:\/\/www.europesays.com\/ee\/wp-json\/wp\/v2\/posts\/219746","targetHints":{"allow":["GET"]}}],"collection":[{"href":"https:\/\/www.europesays.com\/ee\/wp-json\/wp\/v2\/posts"}],"about":[{"href":"https:\/\/www.europesays.com\/ee\/wp-json\/wp\/v2\/types\/post"}],"author":[{"embeddable":true,"href":"https:\/\/www.europesays.com\/ee\/wp-json\/wp\/v2\/users\/2"}],"replies":[{"embeddable":true,"href":"https:\/\/www.europesays.com\/ee\/wp-json\/wp\/v2\/comments?post=219746"}],"version-history":[{"count":0,"href":"https:\/\/www.europesays.com\/ee\/wp-json\/wp\/v2\/posts\/219746\/revisions"}],"wp:featuredmedia":[{"embeddable":true,"href":"https:\/\/www.europesays.com\/ee\/wp-json\/wp\/v2\/media\/219747"}],"wp:attachment":[{"href":"https:\/\/www.europesays.com\/ee\/wp-json\/wp\/v2\/media?parent=219746"}],"wp:term":[{"taxonomy":"category","embeddable":true,"href":"https:\/\/www.europesays.com\/ee\/wp-json\/wp\/v2\/categories?post=219746"},{"taxonomy":"post_tag","embeddable":true,"href":"https:\/\/www.europesays.com\/ee\/wp-json\/wp\/v2\/tags?post=219746"}],"curies":[{"name":"wp","href":"https:\/\/api.w.org\/{rel}","templated":true}]}}