{"id":219750,"date":"2026-07-03T10:56:12","date_gmt":"2026-07-03T10:56:12","guid":{"rendered":"https:\/\/www.europesays.com\/ee\/219750\/"},"modified":"2026-07-03T10:56:12","modified_gmt":"2026-07-03T10:56:12","slug":"ajaleht-usa-hoiatab-et-venemaa-plaanib-runnakut-poolas-et-katsetada-nato-valmisolekut","status":"publish","type":"post","link":"https:\/\/www.europesays.com\/ee\/219750\/","title":{"rendered":"Ajaleht: USA hoiatab, et Venemaa plaanib r\u00fcnnakut Poolas, et katsetada NATO valmisolekut"},"content":{"rendered":"<p>Jutt k\u00e4ib v\u00f5imalikest r\u00fcnnakutest Poola kriitilise t\u00e4htsusega taristu vastu, kasutades rakette v\u00f5i droone, ning s\u00f5jav\u00e4e\u00fcksuste Poola territooriumile sisenemise ohust. Poola presidendile <a rel=\"noopener nofollow\" target=\"_blank\" href=\"https:\/\/www.delfi.ee\/teema\/96867491\/karol-nawrocki\" tag-id=\"96867491\">Karol Nawrockile<\/a> l\u00e4hedased allikad m\u00e4rkisid, et <a rel=\"noopener nofollow\" target=\"_blank\" href=\"https:\/\/www.delfi.ee\/teema\/82789297\/washington\" tag-id=\"82789297\">Washington<\/a> on <a rel=\"noopener nofollow\" target=\"_blank\" href=\"https:\/\/www.delfi.ee\/teema\/35660977\/varssavi\" tag-id=\"35660977\">Varssavile<\/a> sellistest stsenaariumidest korduvalt m\u00e4rku andnud.<\/p>\n<p>Poola allikate s\u00f5nul ei saa selliste plaanide teoks tegemist l\u00e4hikuudel v\u00e4listada. Peaeesm\u00e4rk on tekitada pinget, mis v\u00f5iks m\u00f5jutada l\u00e4\u00e4neriikide seisukohti Ukraina edasise toetamise kohta.<\/p>\n<p>V\u00f5imalike provokatsioonidena nimetatakse droonir\u00fcnnakuid energiaobjektide vastu v\u00f5i simuleeritud \u00f5hur\u00fcnnakuid, mis sunniksid Poolat aktiveerima oma \u00f5hut\u00f5rjes\u00fcsteemid. Juttu on ka v\u00e4ikeste v\u00f5itlejate gruppide piiratud sisenemistest \u00fcle NATO idapiiri.<\/p>\n<p>M\u00f5ned luureallikad ei v\u00e4lista h\u00fcbriidmeetodite kasutamist piirialadel.<\/p>\n<p>Veel \u00fcks stsenaarium on Vene v\u00f5i <a rel=\"noopener nofollow\" target=\"_blank\" href=\"https:\/\/www.delfi.ee\/teema\/28576451\/valgevene\" tag-id=\"28576451\">Valgevene<\/a> s\u00f5durite liikumine \u00fcle piiri, mida selgitataks tehnilise vea v\u00f5i h\u00e4daolukorraga. Sellisel juhul n\u00f5uaks <a rel=\"noopener nofollow\" target=\"_blank\" href=\"https:\/\/www.delfi.ee\/teema\/22871535\/moskva\" tag-id=\"22871535\">Moskva<\/a> diplomaatilisi l\u00e4bir\u00e4\u00e4kimisi, v\u00e4ltides otsest s\u00f5jalist vastasseisu.<\/p>\n<p>Poola allikate s\u00f5nul v\u00f5ib <a rel=\"noopener nofollow\" target=\"_blank\" href=\"https:\/\/www.delfi.ee\/teema\/24680929\/kreml\" tag-id=\"24680929\">Kreml<\/a> loota NATO liitlaste vaoshoitusele ja poliitilise lahenduse eelistamisele kohesele s\u00f5jalisele vastusele.<\/p>\n<p>Poola valitsusringkondades peetakse sellise provokatsiooni ohtu reaalseks. Informatsiooni Venemaa v\u00f5imaliku tegevuse kohta kinnitavad ka diplomaadid ja kaitsevaldkonna esindajad.<\/p>\n<p>Anal\u00fc\u00fctikud toovad v\u00e4lja, et seotuse t\u00f5ttu s\u00f5jas Ukrainas on Venemaal praegu piiratud v\u00f5imalused suurem\u00f5\u00f5duliseks konfliktiks NATO-ga. Sel p\u00f5hjusel peetakse sihitud v\u00f5i h\u00fcbriidoperatsioone t\u00f5en\u00e4olisemaks.<\/p>\n<p>Potentsiaalsed suunad, kust provokatsioonid v\u00f5ivad l\u00e4htuda, on <a rel=\"noopener nofollow\" target=\"_blank\" href=\"https:\/\/www.delfi.ee\/teema\/62354070\/kaliningrad\" tag-id=\"62354070\">Kaliningradi<\/a> oblast ja Valgevene. Samal ajal ei saa v\u00e4listada kaitseid p\u00fc\u00fcda ajada intsidendid Ukraina s\u00fc\u00fcks, et tekitada liitlaste vahel lisapingeid.<\/p>\n<p>Kuidas see lugu Sind end tundma pani? Saada <a href=\"https:\/\/www.delfi.ee\/artikkel\/120594865\/ajaleht-usa-hoiatab-et-venemaa-plaanib-runnakut-poolas-et-katsetada-nato-valmisolekut\/kommentaarid\" class=\"article-body-bottom__comment article-body-bottom__comment--write button button--primary button--size-auto\" rel=\"nofollow noopener\" target=\"_blank\"> Kommenteeri <\/a><a href=\"https:\/\/www.delfi.ee\/artikkel\/120594865\/ajaleht-usa-hoiatab-et-venemaa-plaanib-runnakut-poolas-et-katsetada-nato-valmisolekut\/kommentaarid\" class=\"article-body-bottom__comment article-body-bottom__comment--read button button--size-auto\" rel=\"nofollow noopener\" target=\"_blank\"> Loe kommentaare (23)<\/a><\/p>\n","protected":false},"excerpt":{"rendered":"Jutt k\u00e4ib v\u00f5imalikest r\u00fcnnakutest Poola kriitilise t\u00e4htsusega taristu vastu, kasutades rakette v\u00f5i droone, ning s\u00f5jav\u00e4e\u00fcksuste Poola territooriumile sisenemise&hellip;\n","protected":false},"author":2,"featured_media":219751,"comment_status":"","ping_status":"","sticky":false,"template":"","format":"standard","meta":{"footnotes":"","_share_on_mastodon":"0"},"categories":[80],"tags":[26,27,37,33,35,34,36,31,32,21,14037,7230,103,28,29,95,108,54,19,111,25,23,24,262,22,325,20,2170,4199,96,30,2405,92,93,94],"class_list":["post-219750","post","type-post","status-publish","format-standard","has-post-thumbnail","category-maailm","tag-breaking-news","tag-breakingnews","tag-ee","tag-eesti","tag-eesti-keel","tag-estonia","tag-estonian","tag-featured-news","tag-featurednews","tag-headlines","tag-kaliningrad","tag-karol-nawrocki","tag-kreml","tag-latest-news","tag-latestnews","tag-maailm","tag-moskva","tag-nato","tag-news","tag-poola","tag-populaarseimad-lood","tag-top-stories","tag-topstories","tag-ukraina","tag-uldised-uudised","tag-usa","tag-uudised","tag-valgevene","tag-varssavi","tag-venemaa","tag-viimased-uudised","tag-washington","tag-world","tag-world-news","tag-worldnews"],"share_on_mastodon":{"url":"https:\/\/pubeurope.com\/@ee\/116855687568910908","error":""},"_links":{"self":[{"href":"https:\/\/www.europesays.com\/ee\/wp-json\/wp\/v2\/posts\/219750","targetHints":{"allow":["GET"]}}],"collection":[{"href":"https:\/\/www.europesays.com\/ee\/wp-json\/wp\/v2\/posts"}],"about":[{"href":"https:\/\/www.europesays.com\/ee\/wp-json\/wp\/v2\/types\/post"}],"author":[{"embeddable":true,"href":"https:\/\/www.europesays.com\/ee\/wp-json\/wp\/v2\/users\/2"}],"replies":[{"embeddable":true,"href":"https:\/\/www.europesays.com\/ee\/wp-json\/wp\/v2\/comments?post=219750"}],"version-history":[{"count":0,"href":"https:\/\/www.europesays.com\/ee\/wp-json\/wp\/v2\/posts\/219750\/revisions"}],"wp:featuredmedia":[{"embeddable":true,"href":"https:\/\/www.europesays.com\/ee\/wp-json\/wp\/v2\/media\/219751"}],"wp:attachment":[{"href":"https:\/\/www.europesays.com\/ee\/wp-json\/wp\/v2\/media?parent=219750"}],"wp:term":[{"taxonomy":"category","embeddable":true,"href":"https:\/\/www.europesays.com\/ee\/wp-json\/wp\/v2\/categories?post=219750"},{"taxonomy":"post_tag","embeddable":true,"href":"https:\/\/www.europesays.com\/ee\/wp-json\/wp\/v2\/tags?post=219750"}],"curies":[{"name":"wp","href":"https:\/\/api.w.org\/{rel}","templated":true}]}}