{"id":219838,"date":"2026-07-03T13:06:08","date_gmt":"2026-07-03T13:06:08","guid":{"rendered":"https:\/\/www.europesays.com\/ee\/219838\/"},"modified":"2026-07-03T13:06:08","modified_gmt":"2026-07-03T13:06:08","slug":"aleksandr-ovetskin-otsustas-karjaari-jatkata-jaahoki","status":"publish","type":"post","link":"https:\/\/www.europesays.com\/ee\/219838\/","title":{"rendered":"Aleksandr Ovet\u0161kin otsustas karj\u00e4\u00e4ri j\u00e4tkata | J\u00e4\u00e4hoki"},"content":{"rendered":"<p>J\u00e4\u00e4hoki suurkuju Aleksandr Ovet\u0161kin s\u00f5lmis Washington Capitalsiga \u00fche aasta pikkuse lepingu ja teeb kaasa veel v\u00e4hemalt 2027. aasta kevadeni.<\/p>\n<p>NHL-i k\u00f5igi aegade suurim v\u00e4ravak\u00fctt saab septembris 41-aastaseks. Tal on 1573 m\u00e4nguga kirjas 929 tabamust. 2018. aastal j\u00f5udis ta Washingtoni klubiga ka Stanley karikav\u00f5iduni.<\/p>\n<p>&#8220;Ma olen tagasi!&#8221; teatas r\u00fcndem\u00e4ngija. &#8220;Ait\u00e4h k\u00f5igile, et andsite mulle ja mu perele aega selle otsuse langetamiseks. Olen terve. Mulle meeldib hokit m\u00e4ngida ja v\u00f5idu nimel heidelda. Olen oma meeskonnakaaslastega liitumise eel p\u00f5nevil, et saaksime v\u00f5idelda play-off koha eest ja v\u00f5imaluse eest v\u00f5ita.&#8221;<\/p>\n<p>2004. aasta talendikorjes valitud Ovet\u0161kin on veetnud kogu karj\u00e4\u00e4ri Washington Capitalsi ridades. S\u00fcgisel alustab ta juba oma 22. hooaega. Mullu aprillis m\u00f6\u00f6dus ta NHL-i k\u00f5igi aegade edetabelis legendaarsest Wayne Gretzkyst, kelle arvele j\u00e4i maailma tugevaimas hokiliigas 894 tabamust.<\/p>\n<p>Ovet\u0161kin oli spordimehe kohta k\u00f5rgest vanusest hoolimata ka eelmisel hooajal heas vormis. Ta oli 32 v\u00e4rava ja 64 resultatiivsuspunktiga Washingtoni k\u00f5ige tulemuslikum m\u00e4ngija. Kokku on tal kirjas \u00fcheksa 50-v\u00e4rava hooaega. Sama on suutnud vaid Gretzky ja Mike Bossy.<\/p>\n","protected":false},"excerpt":{"rendered":"J\u00e4\u00e4hoki suurkuju Aleksandr Ovet\u0161kin s\u00f5lmis Washington Capitalsiga \u00fche aasta pikkuse lepingu ja teeb kaasa veel v\u00e4hemalt 2027. aasta&hellip;\n","protected":false},"author":2,"featured_media":219839,"comment_status":"","ping_status":"","sticky":false,"template":"","format":"standard","meta":{"footnotes":"","_share_on_mastodon":"0"},"categories":[18],"tags":[17030,37,33,35,34,36,4936,159,158,12773],"class_list":["post-219838","post","type-post","status-publish","format-standard","has-post-thumbnail","category-sport","tag-aleksandr-ovetskin","tag-ee","tag-eesti","tag-eesti-keel","tag-estonia","tag-estonian","tag-nhl","tag-sport","tag-sports","tag-washington-capitals"],"share_on_mastodon":{"url":"https:\/\/pubeurope.com\/@ee\/116856198854616171","error":""},"_links":{"self":[{"href":"https:\/\/www.europesays.com\/ee\/wp-json\/wp\/v2\/posts\/219838","targetHints":{"allow":["GET"]}}],"collection":[{"href":"https:\/\/www.europesays.com\/ee\/wp-json\/wp\/v2\/posts"}],"about":[{"href":"https:\/\/www.europesays.com\/ee\/wp-json\/wp\/v2\/types\/post"}],"author":[{"embeddable":true,"href":"https:\/\/www.europesays.com\/ee\/wp-json\/wp\/v2\/users\/2"}],"replies":[{"embeddable":true,"href":"https:\/\/www.europesays.com\/ee\/wp-json\/wp\/v2\/comments?post=219838"}],"version-history":[{"count":0,"href":"https:\/\/www.europesays.com\/ee\/wp-json\/wp\/v2\/posts\/219838\/revisions"}],"wp:featuredmedia":[{"embeddable":true,"href":"https:\/\/www.europesays.com\/ee\/wp-json\/wp\/v2\/media\/219839"}],"wp:attachment":[{"href":"https:\/\/www.europesays.com\/ee\/wp-json\/wp\/v2\/media?parent=219838"}],"wp:term":[{"taxonomy":"category","embeddable":true,"href":"https:\/\/www.europesays.com\/ee\/wp-json\/wp\/v2\/categories?post=219838"},{"taxonomy":"post_tag","embeddable":true,"href":"https:\/\/www.europesays.com\/ee\/wp-json\/wp\/v2\/tags?post=219838"}],"curies":[{"name":"wp","href":"https:\/\/api.w.org\/{rel}","templated":true}]}}