{"id":219888,"date":"2026-07-03T14:04:17","date_gmt":"2026-07-03T14:04:17","guid":{"rendered":"https:\/\/www.europesays.com\/ee\/219888\/"},"modified":"2026-07-03T14:04:17","modified_gmt":"2026-07-03T14:04:17","slug":"euroopa-laevandushiid-saatis-liinile-maailma-suurima-lng-konteinerlaeva","status":"publish","type":"post","link":"https:\/\/www.europesays.com\/ee\/219888\/","title":{"rendered":"Euroopa laevandushiid saatis liinile maailma suurima LNG-konteinerlaeva"},"content":{"rendered":"<p>Euroopa merele on saabunud uus hiiglane, mis lubab korraga vedada kuni kolme miljardi euro v\u00e4\u00e4rtuses kaupu ja samal ajal v\u00e4hendada meretranspordi keskkonnajalaj\u00e4lge. Notre Dame\u2019i nimeline konteinerlaev kehastab nii Euroopa ambitsiooni tugevdada oma tarneahelaid kui ka surve all olevat lubadust rohelisemale logistikale.<\/p>\n<p>Kas LNG-k\u00fctusel t\u00f6\u00f6tav rekordlaev on t\u00f5esti vastus geopoliitilistele pingetele ja kliimasihtidele v\u00f5i loob see hoopis uue s\u00f5ltuvuse? Ning miks peab Prantsuse lipp maailma suurimal konteinerlaeval Euroopa konkurentsiv\u00f5ime jaoks nii olulist rolli?<\/p>\n","protected":false},"excerpt":{"rendered":"Euroopa merele on saabunud uus hiiglane, mis lubab korraga vedada kuni kolme miljardi euro v\u00e4\u00e4rtuses kaupu ja samal&hellip;\n","protected":false},"author":2,"featured_media":219889,"comment_status":"","ping_status":"","sticky":false,"template":"","format":"standard","meta":{"footnotes":"","_share_on_mastodon":"0"},"categories":[12],"tags":[68,26,27,37,33,35,67,34,36,31,32,21,63,66,28,29,64,19,25,69,62,23,24,65,22,20,30],"class_list":["post-219888","post","type-post","status-publish","format-standard","has-post-thumbnail","category-eesti","tag-bors","tag-breaking-news","tag-breakingnews","tag-ee","tag-eesti","tag-eesti-keel","tag-elustiil","tag-estonia","tag-estonian","tag-featured-news","tag-featurednews","tag-headlines","tag-investor","tag-juhtimine","tag-latest-news","tag-latestnews","tag-majandusuudised","tag-news","tag-populaarseimad-lood","tag-skp","tag-tarbija","tag-top-stories","tag-topstories","tag-turundus","tag-uldised-uudised","tag-uudised","tag-viimased-uudised"],"share_on_mastodon":{"url":"https:\/\/pubeurope.com\/@ee\/116856426861150920","error":""},"_links":{"self":[{"href":"https:\/\/www.europesays.com\/ee\/wp-json\/wp\/v2\/posts\/219888","targetHints":{"allow":["GET"]}}],"collection":[{"href":"https:\/\/www.europesays.com\/ee\/wp-json\/wp\/v2\/posts"}],"about":[{"href":"https:\/\/www.europesays.com\/ee\/wp-json\/wp\/v2\/types\/post"}],"author":[{"embeddable":true,"href":"https:\/\/www.europesays.com\/ee\/wp-json\/wp\/v2\/users\/2"}],"replies":[{"embeddable":true,"href":"https:\/\/www.europesays.com\/ee\/wp-json\/wp\/v2\/comments?post=219888"}],"version-history":[{"count":0,"href":"https:\/\/www.europesays.com\/ee\/wp-json\/wp\/v2\/posts\/219888\/revisions"}],"wp:featuredmedia":[{"embeddable":true,"href":"https:\/\/www.europesays.com\/ee\/wp-json\/wp\/v2\/media\/219889"}],"wp:attachment":[{"href":"https:\/\/www.europesays.com\/ee\/wp-json\/wp\/v2\/media?parent=219888"}],"wp:term":[{"taxonomy":"category","embeddable":true,"href":"https:\/\/www.europesays.com\/ee\/wp-json\/wp\/v2\/categories?post=219888"},{"taxonomy":"post_tag","embeddable":true,"href":"https:\/\/www.europesays.com\/ee\/wp-json\/wp\/v2\/tags?post=219888"}],"curies":[{"name":"wp","href":"https:\/\/api.w.org\/{rel}","templated":true}]}}