{"id":219969,"date":"2026-07-03T15:41:10","date_gmt":"2026-07-03T15:41:10","guid":{"rendered":"https:\/\/www.europesays.com\/ee\/219969\/"},"modified":"2026-07-03T15:41:10","modified_gmt":"2026-07-03T15:41:10","slug":"verstappen-kritiseeris-f1-lego-paraadi-me-ei-ole-klounid-vormelisport","status":"publish","type":"post","link":"https:\/\/www.europesays.com\/ee\/219969\/","title":{"rendered":"Verstappen kritiseeris F1 Lego paraadi: me ei ole klounid | Vormelisport"},"content":{"rendered":"<p>Neljakordne vormel-1 maailmameister Max Verstappen kritiseeris enne n\u00e4dalavahetusel toimuvat Suurbritannia Grand Prix uut s\u00f5itjate paraadi, kus piloodid teevad ringi Lego klotsidest ehitatud miniautodega.<\/p>\n<p>Vormel-1 ja Lego teatasid, et enne p\u00fchap\u00e4evast Briti GP-d s\u00f5idavad k\u00f5ik 22 pilooti paraadringi Lego klotsidest valmistatud autodega.<\/p>\n<p>Red Bull Racingu s\u00f5itja Verstappeni s\u00f5nul ei sobi selline ettev\u00f5tmine vormel-1 mainega.<\/p>\n<p>&#8220;Eelistan kodus lastega Legodega m\u00e4ngida, mitte siin nendega s\u00f5ita,&#8221; \u00fctles Verstappen. &#8220;Mulle meeldiks palju rohkem senine lahendus, kus k\u00f5ik s\u00f5itjad on koos veoautol. See on l\u00f5busam ja j\u00e4tab ka professionaalsema mulje.&#8221;<\/p>\n<p>Hollandlane lisas, et vormel-1 s\u00f5itjad ei peaks tema hinnangul sellises olukorras v\u00e4lja n\u00e4gema nagu lapsed ja klounid, kes \u00fcritavad \u00fcksteisele otsa s\u00f5ita.<\/p>\n<p>&#8220;Ma ei usu, et vormel-1 seda vajab, aga eks see ole nende otsus,&#8221; s\u00f5nas ta.<\/p>\n<p>Sarnane paraad peeti ka mullu Miami etapil, kus s\u00f5itjad jagasid kahekohalisi paraadautosid. Toona p\u00f5rkasid mitmed autod omavahel kokku ning rajale pudenes ka Lego klotse.<\/p>\n<p>Vormel-1 kommertsdirektor Emily Prazer \u00fctles, et Lego paraadi eesm\u00e4rk on n\u00e4idata spordiala teistsugusest k\u00fcljest ja pakkuda pealtvaatajatele meeldej\u00e4\u00e4vat vaatem\u00e4ngu.<\/p>\n","protected":false},"excerpt":{"rendered":"Neljakordne vormel-1 maailmameister Max Verstappen kritiseeris enne n\u00e4dalavahetusel toimuvat Suurbritannia Grand Prix uut s\u00f5itjate paraadi, kus piloodid teevad&hellip;\n","protected":false},"author":2,"featured_media":219970,"comment_status":"","ping_status":"","sticky":false,"template":"","format":"standard","meta":{"footnotes":"","_share_on_mastodon":"0"},"categories":[18],"tags":[37,33,35,34,36,586,159,158],"class_list":["post-219969","post","type-post","status-publish","format-standard","has-post-thumbnail","category-sport","tag-ee","tag-eesti","tag-eesti-keel","tag-estonia","tag-estonian","tag-max-verstappen","tag-sport","tag-sports"],"share_on_mastodon":{"url":"https:\/\/pubeurope.com\/@ee\/116856808112582534","error":""},"_links":{"self":[{"href":"https:\/\/www.europesays.com\/ee\/wp-json\/wp\/v2\/posts\/219969","targetHints":{"allow":["GET"]}}],"collection":[{"href":"https:\/\/www.europesays.com\/ee\/wp-json\/wp\/v2\/posts"}],"about":[{"href":"https:\/\/www.europesays.com\/ee\/wp-json\/wp\/v2\/types\/post"}],"author":[{"embeddable":true,"href":"https:\/\/www.europesays.com\/ee\/wp-json\/wp\/v2\/users\/2"}],"replies":[{"embeddable":true,"href":"https:\/\/www.europesays.com\/ee\/wp-json\/wp\/v2\/comments?post=219969"}],"version-history":[{"count":0,"href":"https:\/\/www.europesays.com\/ee\/wp-json\/wp\/v2\/posts\/219969\/revisions"}],"wp:featuredmedia":[{"embeddable":true,"href":"https:\/\/www.europesays.com\/ee\/wp-json\/wp\/v2\/media\/219970"}],"wp:attachment":[{"href":"https:\/\/www.europesays.com\/ee\/wp-json\/wp\/v2\/media?parent=219969"}],"wp:term":[{"taxonomy":"category","embeddable":true,"href":"https:\/\/www.europesays.com\/ee\/wp-json\/wp\/v2\/categories?post=219969"},{"taxonomy":"post_tag","embeddable":true,"href":"https:\/\/www.europesays.com\/ee\/wp-json\/wp\/v2\/tags?post=219969"}],"curies":[{"name":"wp","href":"https:\/\/api.w.org\/{rel}","templated":true}]}}